{"id":8731,"date":"2015-02-04T12:56:28","date_gmt":"2015-02-04T11:56:28","guid":{"rendered":"http:\/\/cultura.arq.upv.es\/cultura\/?p=8731"},"modified":"2018-02-06T11:21:25","modified_gmt":"2018-02-06T10:21:25","slug":"building-knowledge","status":"publish","type":"post","link":"https:\/\/cultura.arq.upv.es\/cultura\/building-knowledge\/","title":{"rendered":"Building Knowledge: Anupama Kundoo"},"content":{"rendered":"<p><span style=\"color: #b1171e; font-size: 8pt;\">12\/02\/2015<\/span><\/p>\n<p><span style=\"font-size: 8pt; line-height: 17px; color: #2f4f4f; font-family: 'open sans',sans-serif; text-align: justify;\">Nacida en Pune (India) en 1967, Anupama Kundoo fund\u00f3 su estudio en 1990 en Auroville. Su trabajo se centra en la investigaci\u00f3n de materiales y en la experimentaci\u00f3n para producir una arquitectura de bajo impacto ambiental y adecuada al contexto socio-econ\u00f3mico. Entre 1992 y 1996 trabaj\u00f3 en Berl\u00edn en el campo de la vivienda social. Desde 1996 continu\u00f3 su pr\u00e1ctica independiente en la India. De 2002 a 2004, fue asesora de dise\u00f1o sostenible para ICAEN, en un proyecto de la Comisi\u00f3n Europea. En 2008 se doctor\u00f3 en la TU Berl\u00edn. Ha sido profesora en varias escuelas, como la Architectural Association de Londres, TU Darmstadt y la TU Berl\u00edn. Hasta 2011 dio clases en la Parsons New School of Design de Nueva York y actualmente ense\u00f1a en la Universidad de Queensland, en Brisbane. Desde septiembre de 2014 ense\u00f1a en la ESAYT, Escuela de Arquitectura de la UCJC de Madrid<br \/>\n<\/span><\/p>\n<p><span style=\"font-size: 8pt; line-height: 17px; color: #2f4f4f; font-family: 'open sans',sans-serif; text-align: justify;\">\u00a0<\/span><\/p>\n","protected":false},"excerpt":{"rendered":"<p>12\/02\/2015 [&hellip;]<\/p>\n","protected":false},"author":2,"featured_media":8732,"comment_status":"closed","ping_status":"closed","sticky":false,"template":"","format":"standard","meta":{"footnotes":""},"categories":[40,4,78,75,28,85],"tags":[],"class_list":["post-8731","post","type-post","status-publish","format-standard","has-post-thumbnail","hentry","category-alumnos","category-conferencia","category-conferencias","category-destacar","category-etsa","category-mediateca"],"_links":{"self":[{"href":"https:\/\/cultura.arq.upv.es\/cultura\/wp-json\/wp\/v2\/posts\/8731","targetHints":{"allow":["GET"]}}],"collection":[{"href":"https:\/\/cultura.arq.upv.es\/cultura\/wp-json\/wp\/v2\/posts"}],"about":[{"href":"https:\/\/cultura.arq.upv.es\/cultura\/wp-json\/wp\/v2\/types\/post"}],"author":[{"embeddable":true,"href":"https:\/\/cultura.arq.upv.es\/cultura\/wp-json\/wp\/v2\/users\/2"}],"replies":[{"embeddable":true,"href":"https:\/\/cultura.arq.upv.es\/cultura\/wp-json\/wp\/v2\/comments?post=8731"}],"version-history":[{"count":6,"href":"https:\/\/cultura.arq.upv.es\/cultura\/wp-json\/wp\/v2\/posts\/8731\/revisions"}],"predecessor-version":[{"id":8795,"href":"https:\/\/cultura.arq.upv.es\/cultura\/wp-json\/wp\/v2\/posts\/8731\/revisions\/8795"}],"wp:featuredmedia":[{"embeddable":true,"href":"https:\/\/cultura.arq.upv.es\/cultura\/wp-json\/wp\/v2\/media\/8732"}],"wp:attachment":[{"href":"https:\/\/cultura.arq.upv.es\/cultura\/wp-json\/wp\/v2\/media?parent=8731"}],"wp:term":[{"taxonomy":"category","embeddable":true,"href":"https:\/\/cultura.arq.upv.es\/cultura\/wp-json\/wp\/v2\/categories?post=8731"},{"taxonomy":"post_tag","embeddable":true,"href":"https:\/\/cultura.arq.upv.es\/cultura\/wp-json\/wp\/v2\/tags?post=8731"}],"curies":[{"name":"wp","href":"https:\/\/api.w.org\/{rel}","templated":true}]}}