{"id":8712,"date":"2015-02-02T17:40:13","date_gmt":"2015-02-02T16:40:13","guid":{"rendered":"http:\/\/cultura.arq.upv.es\/cultura\/?p=8712"},"modified":"2018-02-06T11:25:29","modified_gmt":"2018-02-06T10:25:29","slug":"arquiabecas-2015","status":"publish","type":"post","link":"https:\/\/cultura.arq.upv.es\/cultura\/arquiabecas-2015\/","title":{"rendered":"arquia\/becas 2015"},"content":{"rendered":"<p><span style=\"color: #50575b; font-size: 8pt;\"><strong><span style=\"color: #b1171e;\">XVI Convocatoria:<\/span> 20 becas de pr\u00e1cticas en estudios europeos de Arquitectura<\/strong><br \/>\n<strong><span style=\"color: #b1171e;\">I Convocatoria: <\/span>3 becas para la realizaci\u00f3n de pr\u00e1cticas en la Administraci\u00f3n P\u00fablica, Ministerio de Fomento, Direcci\u00f3n General de Arquitectura Vivienda y Suelo<\/strong><br \/>\n<strong><span style=\"color: #b1171e;\">III Convocatoria: <\/span>2 becas de pr\u00e1cticas en la Fundaci\u00f3n Metr\u00f3poli<\/strong><br \/>\n<\/span><\/p>\n<p><span style=\"font-size: 8pt;\">\u00a0<\/span><\/p>\n<p><span style=\"color: #50575b; font-size: 8pt;\"><strong>Candidatos: <\/strong>Estudiantes de arquitectura y arquitectos reci\u00e9n titulados<\/span><\/p>\n<p><span style=\"color: #50575b; font-size: 8pt;\"><strong>Duraci\u00f3n: <\/strong>6 meses<\/span><\/p>\n<p><span style=\"color: #50575b; font-size: 8pt;\"><strong>Dotaci\u00f3n: <\/strong>7000\u20ac (destinos nacionales) y 9000\u20ac (destinos extranjeros)<br \/>\n<\/span><\/p>\n<p><span style=\"color: #50575b; font-size: 8pt;\"><strong>Participaci\u00f3n: <\/strong>Opci\u00f3n Expediente acad\u00e9mico, 10 becas(valorado seg\u00fan las notas de las asignaturas de proyectos y de la carrera) y\/o consurso 2015, 10 becas<br \/>\n<\/span><\/p>\n<p><span style=\"color: #50575b; font-size: 8pt;\"><strong>Concurso 2015: <\/strong>Jurado: Juan Domingo Santos, arquitecto<br \/>\n<\/span><\/p>\n<p><span style=\"color: #50575b; font-size: 8pt;\"><strong>Tema: <\/strong>UNA TORRE PARA VOLAR<br \/>\n<\/span><\/p>\n<p><span style=\"color: #50575b; font-size: 8pt;\"><strong>Bases, inscripci\u00f3n y env\u00edo de propuestas: <\/strong>http:\/\/fundacion.arquia.es\/becas<br \/>\n<\/span><\/p>\n<p><span style=\"color: #50575b; font-size: 8pt;\"><strong>Fecha l\u00edmite:<\/strong> <span style=\"color: #b1171e;\">30 de Abril de 2015 a las 12 del mediod\u00eda<\/span><\/span><\/p>\n<p>&nbsp;<\/p>\n","protected":false},"excerpt":{"rendered":"<p>XVI [&hellip;]<\/p>\n","protected":false},"author":2,"featured_media":8713,"comment_status":"closed","ping_status":"closed","sticky":false,"template":"","format":"standard","meta":{"footnotes":""},"categories":[40,52,30,75,28,32,81],"tags":[],"class_list":["post-8712","post","type-post","status-publish","format-standard","has-post-thumbnail","hentry","category-alumnos","category-beca","category-concurso","category-destacar","category-etsa","category-formacion","category-otras-actividades"],"_links":{"self":[{"href":"https:\/\/cultura.arq.upv.es\/cultura\/wp-json\/wp\/v2\/posts\/8712","targetHints":{"allow":["GET"]}}],"collection":[{"href":"https:\/\/cultura.arq.upv.es\/cultura\/wp-json\/wp\/v2\/posts"}],"about":[{"href":"https:\/\/cultura.arq.upv.es\/cultura\/wp-json\/wp\/v2\/types\/post"}],"author":[{"embeddable":true,"href":"https:\/\/cultura.arq.upv.es\/cultura\/wp-json\/wp\/v2\/users\/2"}],"replies":[{"embeddable":true,"href":"https:\/\/cultura.arq.upv.es\/cultura\/wp-json\/wp\/v2\/comments?post=8712"}],"version-history":[{"count":3,"href":"https:\/\/cultura.arq.upv.es\/cultura\/wp-json\/wp\/v2\/posts\/8712\/revisions"}],"predecessor-version":[{"id":8837,"href":"https:\/\/cultura.arq.upv.es\/cultura\/wp-json\/wp\/v2\/posts\/8712\/revisions\/8837"}],"wp:featuredmedia":[{"embeddable":true,"href":"https:\/\/cultura.arq.upv.es\/cultura\/wp-json\/wp\/v2\/media\/8713"}],"wp:attachment":[{"href":"https:\/\/cultura.arq.upv.es\/cultura\/wp-json\/wp\/v2\/media?parent=8712"}],"wp:term":[{"taxonomy":"category","embeddable":true,"href":"https:\/\/cultura.arq.upv.es\/cultura\/wp-json\/wp\/v2\/categories?post=8712"},{"taxonomy":"post_tag","embeddable":true,"href":"https:\/\/cultura.arq.upv.es\/cultura\/wp-json\/wp\/v2\/tags?post=8712"}],"curies":[{"name":"wp","href":"https:\/\/api.w.org\/{rel}","templated":true}]}}