{"id":8550,"date":"2014-12-08T18:28:37","date_gmt":"2014-12-08T17:28:37","guid":{"rendered":"http:\/\/cultura.arq.upv.es\/cultura\/?p=8550"},"modified":"2018-02-06T11:29:58","modified_gmt":"2018-02-06T10:29:58","slug":"programa-prueba-de-concepto-2014","status":"publish","type":"post","link":"https:\/\/cultura.arq.upv.es\/cultura\/programa-prueba-de-concepto-2014\/","title":{"rendered":"PROGRAMA PRUEBA DE CONCEPTO 2014"},"content":{"rendered":"<div style=\"color: #444444;\"><strong><span style=\"font-size: 10pt;\">OBJETIVO<\/span><\/strong><\/div>\n<div style=\"color: #444444;\"><\/div>\n<div style=\"color: #444444;\">\n<p><span style=\"font-size: 10pt;\">Conceder ayudas para proyectos de Prueba de Concepto (PdC).\u00a0<\/span><\/p>\n<p><span style=\"font-size: 10pt;\">Se considerar\u00e1n proyectos PdC, aquellos que abordan pruebas o actuaciones, posteriores a la obtenci\u00f3n del resultado de investigaci\u00f3n que se pretende explotar, que permiten la validaci\u00f3n de una tecnolog\u00eda cuando es sometida a condiciones reales (o cuasi-reales) de operaci\u00f3n. Estos proyectos tambi\u00e9n pueden incluir actividades de informaci\u00f3n tecnoecon\u00f3mica \u00a0y prospecci\u00f3n de mercado que contribuyen a aumentar el valor de un determinado resultado as\u00ed como sus posibilidades de transferencia.<\/span><\/p>\n<p>&nbsp;<\/p>\n<p>&nbsp;<\/p>\n<p><strong><span style=\"font-size: 10pt;\">BENEFICIARIOS<\/span><\/strong><\/p>\n<p>&nbsp;<\/p>\n<div>\n<p><span style=\"font-size: 10pt;\">Investigadores que figuren como inventores\/autores en resultados registrados en CARTA, que cumplan los requisitos de elegibilidad.\u00a0<\/span><\/p>\n<p><span style=\"font-size: 10pt;\">El solicitante deber\u00e1 ser investigador inscrito en el Registro Oficial de Estructuras de I+D+i de la UPV.<\/span><\/p>\n<\/div>\n<\/div>\n<div style=\"color: #444444;\"><\/div>\n<div style=\"color: #444444;\"><\/div>\n<div style=\"color: #444444;\"><\/div>\n<div style=\"color: #444444;\"><\/div>\n<div style=\"color: #444444;\"><\/div>\n<div style=\"color: #444444;\"><strong><span style=\"font-size: 10pt;\">CARACTER\u00cdSTICAS<\/span><\/strong><\/div>\n<div style=\"color: #444444;\"><\/div>\n<div style=\"color: #444444;\">\n<p><span style=\"font-size: 10pt;\">Se financia los gastos de aquellos proyectos PdC basados en patentes u otro t\u00edtulo de propiedad industrial de la UPV que hayan sido solicitadas a la OEPM u oficina an\u00e1loga o basados en software registrado en el CTT sobre el que est\u00e9n constituidos derechos de explotaci\u00f3n a favor de la UPV con anterioridad a la publicaci\u00f3n de la convocatoria que cumplan los requisitos de elegibilidad que aparecen en la convocatoria.<\/span><\/p>\n<p><span style=\"font-size: 10pt;\">La ayuda m\u00e1xima por solicitud ser\u00e1 de 35.000\u20ac.\u00a0<\/span><\/p>\n<p><span style=\"font-size: 10pt;\">La duraci\u00f3n m\u00e1xima e improrrogable del proyecto ser\u00e1 hasta el 31 de diciembre de 2015, teniendo que haberse ejecutado todos los gastos antes de dicha fecha.\u00a0<\/span><\/p>\n<p><span style=\"font-size: 10pt;\">Ser\u00e1n gastos elegibles aquellos relacionados con la compra de equipos, gastos de viaje, material fungible y subcontrataci\u00f3n que est\u00e9n ligados al desarrollo de la acci\u00f3n. No ser\u00e1 gasto elegible la cofinanciaci\u00f3n de los costes de entrada en fases nacionales de las patentes.<\/span><\/p>\n<\/div>\n<div style=\"color: #444444;\">\n<p>&nbsp;<\/p>\n<p><strong><span style=\"font-size: 10pt;\">SOLICITUDES<\/span><\/strong><\/p>\n<p>&nbsp;<\/p>\n<p><span style=\"font-size: 10pt;\">El plazo de presentaci\u00f3n de solicitudes estar\u00e1 abierto hasta el\u00a0<strong>19 de diciembre de 2014.<\/strong><\/span><\/p>\n<p><span style=\"font-size: 10pt;\">Las solicitudes se tramitar\u00e1n a trav\u00e9s de la aplicaci\u00f3n telem\u00e1tica \u201c\u00c1GORA. Convocatorias y propuestas de I+D\u201d.<\/span><\/p>\n<p>&nbsp;<\/p>\n<p><strong><span style=\"font-size: 10pt;\">INFORMACI\u00d3N<\/span><\/strong><\/p>\n<p>&nbsp;<\/p>\n<p><span style=\"font-size: 10pt;\">La convocatoria, as\u00ed como modelos de la informaci\u00f3n necesaria, est\u00e1n disponibles en la microweb del\u00a0<a target=\"_blank\">Vicerrectorado de Investigaci\u00f3n, Innovaci\u00f3n y Transferencia<\/a>\u00a0y en el apartado \u201cdocumentaci\u00f3n asociada\u201d dentro de la convocatoria de \u201cConvocatoria del Programa Prueba de Concepto (PdC14)\u201d que se encuentra disponible en \u00c1GORA.<\/span><\/p>\n<p><span style=\"font-size: 10pt;\">Informaci\u00f3n sobre la convocatoria a trav\u00e9s del correo electr\u00f3nico\u00a0<a href=\"mailto: ayudaspublicas@ctt.upv.es\" target=\"_blank\" rel=\"noopener\">ayudaspublicas@ctt.upv.es<\/a><\/span><\/p>\n<\/div>\n","protected":false},"excerpt":{"rendered":"<p>OBJETIVO [&hellip;]<\/p>\n","protected":false},"author":2,"featured_media":7822,"comment_status":"closed","ping_status":"closed","sticky":false,"template":"","format":"standard","meta":{"footnotes":""},"categories":[75,60,81],"tags":[],"class_list":["post-8550","post","type-post","status-publish","format-standard","has-post-thumbnail","hentry","category-destacar","category-investigacion","category-otras-actividades"],"_links":{"self":[{"href":"https:\/\/cultura.arq.upv.es\/cultura\/wp-json\/wp\/v2\/posts\/8550","targetHints":{"allow":["GET"]}}],"collection":[{"href":"https:\/\/cultura.arq.upv.es\/cultura\/wp-json\/wp\/v2\/posts"}],"about":[{"href":"https:\/\/cultura.arq.upv.es\/cultura\/wp-json\/wp\/v2\/types\/post"}],"author":[{"embeddable":true,"href":"https:\/\/cultura.arq.upv.es\/cultura\/wp-json\/wp\/v2\/users\/2"}],"replies":[{"embeddable":true,"href":"https:\/\/cultura.arq.upv.es\/cultura\/wp-json\/wp\/v2\/comments?post=8550"}],"version-history":[{"count":4,"href":"https:\/\/cultura.arq.upv.es\/cultura\/wp-json\/wp\/v2\/posts\/8550\/revisions"}],"predecessor-version":[{"id":10458,"href":"https:\/\/cultura.arq.upv.es\/cultura\/wp-json\/wp\/v2\/posts\/8550\/revisions\/10458"}],"wp:featuredmedia":[{"embeddable":true,"href":"https:\/\/cultura.arq.upv.es\/cultura\/wp-json\/wp\/v2\/media\/7822"}],"wp:attachment":[{"href":"https:\/\/cultura.arq.upv.es\/cultura\/wp-json\/wp\/v2\/media?parent=8550"}],"wp:term":[{"taxonomy":"category","embeddable":true,"href":"https:\/\/cultura.arq.upv.es\/cultura\/wp-json\/wp\/v2\/categories?post=8550"},{"taxonomy":"post_tag","embeddable":true,"href":"https:\/\/cultura.arq.upv.es\/cultura\/wp-json\/wp\/v2\/tags?post=8550"}],"curies":[{"name":"wp","href":"https:\/\/api.w.org\/{rel}","templated":true}]}}