{"id":8499,"date":"2014-11-22T14:14:40","date_gmt":"2014-11-22T13:14:40","guid":{"rendered":"http:\/\/cultura.arq.upv.es\/cultura\/?p=8499"},"modified":"2018-02-06T12:27:34","modified_gmt":"2018-02-06T11:27:34","slug":"fundacion-axa-junior-research-fellowships-2015","status":"publish","type":"post","link":"https:\/\/cultura.arq.upv.es\/cultura\/fundacion-axa-junior-research-fellowships-2015\/","title":{"rendered":"Fundaci\u00f3n AXA. JUNIOR RESEARCH FELLOWSHIPS 2015"},"content":{"rendered":"<div style=\"color: #444444;\">\n<p><span style=\"font-size: 10pt;\">La Fundaci\u00f3n AXA financia treinta Ayudas de investigaci\u00f3n junior al a\u00f1o para investigadores destacados. Son\u00a0ayudas a j\u00f3venes doctores excelentes, sin vinculaci\u00f3n laboral permanente con ninguna instituci\u00f3n acad\u00e9mica, para realizar un proyecto de investigaci\u00f3n en determinadas \u00e1reas tem\u00e1ticas; la ayuda contempla el coste de la contrataci\u00f3n del doctor.\u00a0<\/span><\/p>\n<p><span style=\"font-size: 10pt;\">Los doctores s\u00f3lo pueden presentar solicitudes a trav\u00e9s de instituciones acad\u00e9micas ubicadas en determinados pa\u00edses de Europa, Am\u00e9rica Central, Africa y Asia. Las instituciones que deseen presentar candidatos son previamente evaluadas por la Fundaci\u00f3n y s\u00f3lo aquellas que resulten finalmente seleccionadas podr\u00e1n presentar candidatos.\u00a0La UPV ha sido una de las seleccionadas y puede presentar un \u00fanico candidato, disponiendo hasta el 8 de diciembre para comunicar los datos de dicha persona a la Fundaci\u00f3n.<\/span><\/p>\n<\/div>\n<div style=\"color: #444444;\"><\/div>\n<div style=\"color: #444444;\"><\/div>\n<div style=\"color: #444444;\"><\/div>\n<div style=\"color: #444444;\"><\/div>\n<div style=\"color: #444444;\"><\/div>\n<div style=\"color: #444444;\"><\/div>\n<div style=\"color: #444444;\"><strong><span style=\"font-size: 10pt;\">OBJETIVO<\/span><\/strong><\/div>\n<div style=\"color: #444444;\"><\/div>\n<div style=\"color: #444444;\">\n<p><span style=\"font-size: 10pt;\">El objeto de la presente convocatoria es invitar a los investigadores de la UPV a presentar una Manifestaci\u00f3n de Inter\u00e9s sobre su disposici\u00f3n a participar en la convocatoria \u201cJunior Research Fellowships 2015\u201d de la Fundaci\u00f3n con el fin de que la UPV pueda seleccionar al candidato que le ha asignado la Fundaci\u00f3n.<\/span><\/p>\n<p>&nbsp;<\/p>\n<p>&nbsp;<\/p>\n<p><strong><span style=\"font-size: 10pt;\">CARACTER\u00cdSTICAS DE LAS AYUDAS<\/span><\/strong><\/p>\n<p>&nbsp;<\/p>\n<div><span style=\"font-size: 10pt;\">Duraci\u00f3n: dos a\u00f1os.<\/span><br \/>\n<span style=\"font-size: 10pt;\">Gastos elegibles:\u00a0<\/span><\/div>\n<ul>\n<li><span style=\"font-size: 10pt;\">Gastos del candidato como su salario bruto anual, viajes y alojamiento.<\/span><\/li>\n<li><span style=\"font-size: 10pt;\">Adquisici\u00f3n de equipamiento cient\u00edfico y material fungible.<\/span><\/li>\n<li><span style=\"font-size: 10pt;\">Costes derivados de la organizaci\u00f3n de actividades p\u00fablicas acad\u00e9micas.<\/span><\/li>\n<\/ul>\n<p><span style=\"font-size: 10pt;\">Presupuesto: importe m\u00e1ximo 120.000 \u20ac por proyecto.<\/span><\/p>\n<\/div>\n<div style=\"color: #444444;\"><\/div>\n<div style=\"color: #444444;\"><\/div>\n<div style=\"color: #444444;\"><\/div>\n<div style=\"color: #444444;\"><\/div>\n<div style=\"color: #444444;\"><\/div>\n<div style=\"color: #444444;\"><strong><span style=\"font-size: 10pt;\">DESTINATARIOS<\/span><\/strong><\/div>\n<div style=\"color: #444444;\"><\/div>\n<div style=\"color: #444444;\">\n<p><span style=\"font-size: 10pt;\">La presente convocatoria va dirigida a las Estructuras de Investigaci\u00f3n de la UPV debiendo designar un\u00a0Director de Investigaci\u00f3n\u00a0solicitante que ser\u00e1 el responsable del seguimiento cient\u00edfico del candidato. Podr\u00e1 ser Director de Investigaci\u00f3n cualquier investigador doctor que est\u00e9 inscrito como investigador en el Registro Oficial de Estructuras de Investigaci\u00f3n y Personal en Investigaci\u00f3n de la UPV, y cuya vinculaci\u00f3n con la UPV se mantenga al menos hasta la finalizaci\u00f3n del proyecto.\u00a0<\/span><\/p>\n<p><span style=\"font-size: 10pt;\">Ning\u00fan Director de Investigaci\u00f3n podr\u00e1 dirigir a m\u00e1s de un candidato en esta convocatoria, y los candidatos \u00fanicamente podr\u00e1n presentar una solicitud y estar avalados por un \u00fanico Director de Investigaci\u00f3n.<\/span><\/p>\n<\/div>\n<div style=\"color: #444444;\">\n<p>&nbsp;<\/p>\n<p><strong><span style=\"font-size: 10pt;\">REQUISITOS DE LOS CANDIDATOS<\/span><\/strong><\/p>\n<p><span style=\"font-size: 10pt;\">Los requisitos exigidos para los candidatos indicados en la convocatoria de la Fundaci\u00f3n son los siguientes:<\/span><\/p>\n<ul>\n<li><span style=\"font-size: 10pt;\">S\u00f3lo pueden presentarse a trav\u00e9s de una instituci\u00f3n acad\u00e9mica.<\/span><\/li>\n<li><span style=\"font-size: 10pt;\">No deben tener vinculaci\u00f3n laboral permanente con ninguna instituci\u00f3n acad\u00e9mica.<\/span><\/li>\n<li><span style=\"font-size: 10pt;\">Deber\u00e1n acreditar estar en posesi\u00f3n de un t\u00edtulo de Doctor.<\/span><\/li>\n<li><span style=\"font-size: 10pt;\">La fecha de obtenci\u00f3n del t\u00edtulo de Doctor al que se refiere el p\u00e1rrafo anterior estar\u00e1 comprendida dentro de los 5 a\u00f1os anteriores a la fecha de presentaci\u00f3n de la propuesta a la Fundaci\u00f3n; se permiten excepciones.<\/span><\/li>\n<\/ul>\n<p><span style=\"font-size: 10pt;\">\u00a0<\/span><\/p>\n<p>&nbsp;<\/p>\n<p><strong><span style=\"font-size: 10pt;\">SOLICITUDES<\/span><\/strong><\/p>\n<p>&nbsp;<\/p>\n<p><span style=\"font-size: 10pt;\">El plazo de presentaci\u00f3n de solicitudes comienza el d\u00eda de la publicaci\u00f3n de esta convocatoria en la p\u00e1gina web del Vicerrectorado de Investigaci\u00f3n, Innovaci\u00f3n y Transferencia y finaliza el\u00a0<strong>20 de noviembre de 2014.<\/strong><\/span><\/p>\n<p><span style=\"font-size: 10pt;\">Las solicitudes se realizar\u00e1n mediante la aplicaci\u00f3n telem\u00e1tica \u201cAGORA y \u00fanicamente deber\u00e1n cumplimentarla y presentarla los Directores de Investigaci\u00f3n para aquellos candidatos investigadores que cumplan los requisitos establecidos en esta convocatoria.\u00a0La aplicaci\u00f3n \u00c1GORA generar\u00e1 el registro telem\u00e1tico de la solicitud.<\/span><\/p>\n<p>&nbsp;<\/p>\n<p><strong><span style=\"font-size: 10pt;\">M\u00c1S INFORMACI\u00d3N<\/span><\/strong><\/p>\n<p>&nbsp;<\/p>\n<p><span style=\"font-size: 10pt;\">La convocatoria y los impresos necesarios para la solicitud est\u00e1n en la p\u00e1gina web del\u00a0VIIT, asi como en la aplicaci\u00f3n AGORA.<\/span><\/p>\n<p><span style=\"font-size: 10pt;\">Informaci\u00f3n sobre la convocatoria de la Fundaci\u00f3n AXA en:<a href=\"http:\/\/researchfund.axa.com\/how-to-obtain-funding\" target=\"_blank\" rel=\"noopener\">http:\/\/researchfund.axa.com\/how-to-obtain-funding<\/a>\u00a0<\/span><\/p>\n<p><span style=\"font-size: 10pt;\">Consultas en el correo\u00a0<a title=\"ayudaspublicas@ctt.upv.es\" href=\"mailto:ayudaspublicas@ctt.upv.es\">ayudaspublicas@ctt.upv.es<\/a><\/span><\/p>\n<\/div>\n","protected":false},"excerpt":{"rendered":"<p>La [&hellip;]<\/p>\n","protected":false},"author":2,"featured_media":7822,"comment_status":"closed","ping_status":"closed","sticky":false,"template":"","format":"standard","meta":{"footnotes":""},"categories":[75,60,81],"tags":[],"class_list":["post-8499","post","type-post","status-publish","format-standard","has-post-thumbnail","hentry","category-destacar","category-investigacion","category-otras-actividades"],"_links":{"self":[{"href":"https:\/\/cultura.arq.upv.es\/cultura\/wp-json\/wp\/v2\/posts\/8499","targetHints":{"allow":["GET"]}}],"collection":[{"href":"https:\/\/cultura.arq.upv.es\/cultura\/wp-json\/wp\/v2\/posts"}],"about":[{"href":"https:\/\/cultura.arq.upv.es\/cultura\/wp-json\/wp\/v2\/types\/post"}],"author":[{"embeddable":true,"href":"https:\/\/cultura.arq.upv.es\/cultura\/wp-json\/wp\/v2\/users\/2"}],"replies":[{"embeddable":true,"href":"https:\/\/cultura.arq.upv.es\/cultura\/wp-json\/wp\/v2\/comments?post=8499"}],"version-history":[{"count":4,"href":"https:\/\/cultura.arq.upv.es\/cultura\/wp-json\/wp\/v2\/posts\/8499\/revisions"}],"predecessor-version":[{"id":10459,"href":"https:\/\/cultura.arq.upv.es\/cultura\/wp-json\/wp\/v2\/posts\/8499\/revisions\/10459"}],"wp:featuredmedia":[{"embeddable":true,"href":"https:\/\/cultura.arq.upv.es\/cultura\/wp-json\/wp\/v2\/media\/7822"}],"wp:attachment":[{"href":"https:\/\/cultura.arq.upv.es\/cultura\/wp-json\/wp\/v2\/media?parent=8499"}],"wp:term":[{"taxonomy":"category","embeddable":true,"href":"https:\/\/cultura.arq.upv.es\/cultura\/wp-json\/wp\/v2\/categories?post=8499"},{"taxonomy":"post_tag","embeddable":true,"href":"https:\/\/cultura.arq.upv.es\/cultura\/wp-json\/wp\/v2\/tags?post=8499"}],"curies":[{"name":"wp","href":"https:\/\/api.w.org\/{rel}","templated":true}]}}