{"id":8399,"date":"2014-09-25T16:53:51","date_gmt":"2014-09-25T15:53:51","guid":{"rendered":"http:\/\/cultura.arq.upv.es\/cultura\/?p=8399"},"modified":"2018-02-06T12:35:20","modified_gmt":"2018-02-06T11:35:20","slug":"obra-reciente","status":"publish","type":"post","link":"https:\/\/cultura.arq.upv.es\/cultura\/obra-reciente\/","title":{"rendered":"Carme Pin\u00f3s. Obra reciente"},"content":{"rendered":"<p><span style=\"color: #b1171e;\">02\/10\/2014<\/span><\/p>\n<p>Conferencia: Carme Pin\u00f3s. Obra reciente<\/p>\n<p>&nbsp;<\/p>\n<p>&nbsp;<\/p>\n<p>&nbsp;<\/p>\n<p><span style=\"color: #50575b;\"><strong>Conferenciante: <\/strong>Carme Pin\u00f3s<br \/>\n<strong>Fecha y hora: <\/strong>02\/10\/2014 a las 12.45h<br \/>\n<strong>Lugar: <\/strong>Aula Magna ETSA<br \/>\n<\/span><\/p>\n<p>&nbsp;<\/p>\n<p>&nbsp;<\/p>\n<p>&nbsp;<\/p>\n<p>&nbsp;<\/p>\n<p>&nbsp;<\/p>\n<p><span style=\"font-size: 11px; line-height: 17px; color: #2f4f4f; font-family: 'open sans', sans-serif; text-align: justify;\">Carme Pin\u00f3s(1954,Barcelona). Arquitecta titulada por la Escuela T\u00e9cnica Superior de Arquitectura de Barcelona. Tras alcanzar el reconocimiento internacional junto con Enric Miralles con proyectos como el cementerio de Igualada, funda su propio estudio en 1991 tomando bajo su cargo proyectos iniciados en su etapa anterior como la Escuela-hogar en Morella.<br \/>\n<\/span><\/p>\n<p><span style=\"font-size: 11px; line-height: 17px; color: #2f4f4f; font-family: 'open sans', sans-serif; text-align: justify;\">Ha compaginado su actividad como arquitecto con la docencia y su participaci\u00f3n en seminarios, cursos y talleres, habiendo sido profesora invitada, entre otras, en la University of Illinois at Urbana-Champaign (1994-1995), en la Kunstakademie de Dusseldorf (1996-1997), en la Columbia University de Nueva York (1999), en l\u2019Ecole Polytechnique F\u00e9d\u00e9rale de Lausanne (2001-2002), en la Harvard University Graduate School of Design (2003), en la Accademia di Archittetura di Mendrisio en Suiza (2005-2006) o en la Universit\u00e1 di Roma Tre (2007-2008). <\/span><\/p>\n<p><span style=\"font-size: 11px; line-height: 17px; color: #2f4f4f; font-family: 'open sans', sans-serif; text-align: justify;\">Entre las obras finalizadas y premiadas de Carme Pin\u00f3s destacan la Pasarela Peatonal de Petrer, el Paseo Mar\u00edtimo Juan Aparicio de Torrevieja o la Torre Cube I en Guadalajara (M\u00e9xico), cuya maqueta fue adquirida por el MOMA en el a\u00f1o 2006. As\u00edmismo el Centre Pompidou adquiri\u00f3 en el 2010, entre otras, maquetas de los proyectos Caixaforum Zaragoza o el Hotel Pizota (M\u00e9xico).<\/span><\/p>\n<p>&nbsp;<\/p>\n","protected":false},"excerpt":{"rendered":"<p>02\/10\/2014 [&hellip;]<\/p>\n","protected":false},"author":2,"featured_media":8400,"comment_status":"closed","ping_status":"closed","sticky":false,"template":"","format":"standard","meta":{"footnotes":""},"categories":[40,4,78,75,28,32],"tags":[],"class_list":["post-8399","post","type-post","status-publish","format-standard","has-post-thumbnail","hentry","category-alumnos","category-conferencia","category-conferencias","category-destacar","category-etsa","category-formacion"],"_links":{"self":[{"href":"https:\/\/cultura.arq.upv.es\/cultura\/wp-json\/wp\/v2\/posts\/8399","targetHints":{"allow":["GET"]}}],"collection":[{"href":"https:\/\/cultura.arq.upv.es\/cultura\/wp-json\/wp\/v2\/posts"}],"about":[{"href":"https:\/\/cultura.arq.upv.es\/cultura\/wp-json\/wp\/v2\/types\/post"}],"author":[{"embeddable":true,"href":"https:\/\/cultura.arq.upv.es\/cultura\/wp-json\/wp\/v2\/users\/2"}],"replies":[{"embeddable":true,"href":"https:\/\/cultura.arq.upv.es\/cultura\/wp-json\/wp\/v2\/comments?post=8399"}],"version-history":[{"count":2,"href":"https:\/\/cultura.arq.upv.es\/cultura\/wp-json\/wp\/v2\/posts\/8399\/revisions"}],"predecessor-version":[{"id":8402,"href":"https:\/\/cultura.arq.upv.es\/cultura\/wp-json\/wp\/v2\/posts\/8399\/revisions\/8402"}],"wp:featuredmedia":[{"embeddable":true,"href":"https:\/\/cultura.arq.upv.es\/cultura\/wp-json\/wp\/v2\/media\/8400"}],"wp:attachment":[{"href":"https:\/\/cultura.arq.upv.es\/cultura\/wp-json\/wp\/v2\/media?parent=8399"}],"wp:term":[{"taxonomy":"category","embeddable":true,"href":"https:\/\/cultura.arq.upv.es\/cultura\/wp-json\/wp\/v2\/categories?post=8399"},{"taxonomy":"post_tag","embeddable":true,"href":"https:\/\/cultura.arq.upv.es\/cultura\/wp-json\/wp\/v2\/tags?post=8399"}],"curies":[{"name":"wp","href":"https:\/\/api.w.org\/{rel}","templated":true}]}}