{"id":8223,"date":"2014-05-21T12:05:43","date_gmt":"2014-05-21T11:05:43","guid":{"rendered":"http:\/\/cultura.arq.upv.es\/cultura\/?p=8223"},"modified":"2025-11-03T18:34:30","modified_gmt":"2025-11-03T17:34:30","slug":"03_arq-tweet","status":"publish","type":"post","link":"https:\/\/cultura.arq.upv.es\/cultura\/03_arq-tweet\/","title":{"rendered":"03_ARQ TWEET"},"content":{"rendered":"<p><strong>Conferenciante:\u00a0<\/strong>Josep Maria Montaner<br \/>\n<strong>Fecha y hora:\u00a0<\/strong>22\/05\/2014\u00a0| 12.30 h<br \/>\n<strong>Descargar:\u00a0<\/strong>en formato PDF\u00a0<a href=\"https:\/\/cultura.arq.upv.es\/cultura\/wp-content\/uploads\/2014\/05\/03_ARQTWEET.pdf\">\u2193<\/a><\/p>\n<p>En 2014 conmemoramos el centenario del nacimiento de Lina Bo Bardi, arquitecta, cr\u00edtica de arte y arquitectura, comisaria de exposiciones, directora de museos, dise\u00f1adora de muebles y joyas, escen\u00f3grafa, editora, profesora, escritora&#8230; una mujer de brillante inteligencia y formaci\u00f3n extensa, que tom\u00f3 una posici\u00f3n pol\u00edtica decidida en favor de la justicia y que pudo moverse entre las \u00e9lites intelectuales del momento que le toc\u00f3 vivir, tanto en Italia como en Brasil, resultando de todo ello una obra arquitect\u00f3nica ejemplar. El elenco de su producci\u00f3n material es amplio y variado, a la vez que denso y abrumador. Sus edificios se presentan como ejercicios intelectuales completos, que entendemos como \u00abuna afirmaci\u00f3n de belleza alcanzada con el rigor que solamente la presencia constante de la realidad puede dar\u00bb, usando sus propias palabras (empleadas en otro contexto). Este ARQ-TWEET pretende comprimir toda esa experiencia en tan variados campos, en la intenci\u00f3n de mostrar alternativas a la desilusi\u00f3n y la desesperanza actuales.<\/p>\n","protected":false},"excerpt":{"rendered":"<p>Conferenciante:\u00a0Josep [&hellip;]<\/p>\n","protected":false},"author":2,"featured_media":8230,"comment_status":"closed","ping_status":"closed","sticky":false,"template":"","format":"standard","meta":{"footnotes":""},"categories":[68,75,84],"tags":[],"class_list":["post-8223","post","type-post","status-publish","format-standard","has-post-thumbnail","hentry","category-arqtweet","category-destacar","category-publicaciones"],"_links":{"self":[{"href":"https:\/\/cultura.arq.upv.es\/cultura\/wp-json\/wp\/v2\/posts\/8223","targetHints":{"allow":["GET"]}}],"collection":[{"href":"https:\/\/cultura.arq.upv.es\/cultura\/wp-json\/wp\/v2\/posts"}],"about":[{"href":"https:\/\/cultura.arq.upv.es\/cultura\/wp-json\/wp\/v2\/types\/post"}],"author":[{"embeddable":true,"href":"https:\/\/cultura.arq.upv.es\/cultura\/wp-json\/wp\/v2\/users\/2"}],"replies":[{"embeddable":true,"href":"https:\/\/cultura.arq.upv.es\/cultura\/wp-json\/wp\/v2\/comments?post=8223"}],"version-history":[{"count":9,"href":"https:\/\/cultura.arq.upv.es\/cultura\/wp-json\/wp\/v2\/posts\/8223\/revisions"}],"predecessor-version":[{"id":12856,"href":"https:\/\/cultura.arq.upv.es\/cultura\/wp-json\/wp\/v2\/posts\/8223\/revisions\/12856"}],"wp:featuredmedia":[{"embeddable":true,"href":"https:\/\/cultura.arq.upv.es\/cultura\/wp-json\/wp\/v2\/media\/8230"}],"wp:attachment":[{"href":"https:\/\/cultura.arq.upv.es\/cultura\/wp-json\/wp\/v2\/media?parent=8223"}],"wp:term":[{"taxonomy":"category","embeddable":true,"href":"https:\/\/cultura.arq.upv.es\/cultura\/wp-json\/wp\/v2\/categories?post=8223"},{"taxonomy":"post_tag","embeddable":true,"href":"https:\/\/cultura.arq.upv.es\/cultura\/wp-json\/wp\/v2\/tags?post=8223"}],"curies":[{"name":"wp","href":"https:\/\/api.w.org\/{rel}","templated":true}]}}