{"id":8173,"date":"2014-05-13T10:41:21","date_gmt":"2014-05-13T09:41:21","guid":{"rendered":"http:\/\/cultura.arq.upv.es\/cultura\/?p=8173"},"modified":"2018-02-06T12:45:43","modified_gmt":"2018-02-06T11:45:43","slug":"the-architect-is-present","status":"publish","type":"post","link":"https:\/\/cultura.arq.upv.es\/cultura\/the-architect-is-present\/","title":{"rendered":"THE ARCHITECT IS PRESENT"},"content":{"rendered":"<p><span style=\"color: #b1171e;\">29\/04\/2014<\/span><br \/>\n<span style=\"color: #50575b;\">Conferencia:\u00a0The Architect is Present<\/span><\/p>\n<div><\/div>\n<p>&nbsp;<\/p>\n<p>&nbsp;<\/p>\n<p>&nbsp;<\/p>\n<p>&nbsp;<\/p>\n<p><span style=\"color: #50575b;\"><strong>Conferenciante:\u00a0<\/strong>Solano Ben\u00edtez<br \/>\n<strong>Fecha y hora:\u00a0<\/strong>29\/04\/2014 | 12.30 h<br \/>\n<strong>Lugar:\u00a0<\/strong>Sala de Proyecciones ETSA<\/span><\/p>\n<p>&nbsp;<\/p>\n<p>&nbsp;<\/p>\n<p>&nbsp;<\/p>\n<p><span style=\"font-size: 11px; line-height: 17px; color: #2f4f4f; font-family: 'open sans', sans-serif; text-align: justify;\">Solano Ben\u00edtez naci\u00f3 en Asunci\u00f3n (Paraguay) en 1963. Se licenci\u00f3 en arquitectura en la Universidad Nacional de Asunci\u00f3n (FAUNA) en 1986, y en 1987 fund\u00f3 Gabinete de Arquitectura, la sociedad profesional que en la actualidad comparte con Alberto Marinoni y Gloria Cabral. Entre los premios que ha recibido Ben\u00edtez destacan las distinciones como \u00abJoven sobresaliente\u00bb por la C\u00e1mara Junior de Paraguay por su contribuci\u00f3n a la cultura Paraguaya (1999); el BSI Swiss Architectural Award, un premio internacional otorgado a arquitectos menores de 50 a\u00f1os que hayan realizado una contribuci\u00f3n signigicativa a la arquitectura contempor\u00e1nea (2008); y una menci\u00f3n honor\u00edfica del Congreso Nacional Paraguayo por aportes a la naci\u00f3n (2011). Tambi\u00e9n fue elegido \u00abArquitecto del Bicentenario! por la Asociaci\u00f3n Paraguaya de Arquitectos (2011) y miembro honorario del American Institute of Architects (2012)<\/span><\/p>\n<p>&nbsp;<\/p>\n","protected":false},"excerpt":{"rendered":"<p>29\/04\/2014 [&hellip;]<\/p>\n","protected":false},"author":2,"featured_media":9544,"comment_status":"closed","ping_status":"closed","sticky":false,"template":"","format":"standard","meta":{"footnotes":""},"categories":[4,78,75,28,29,62],"tags":[],"class_list":["post-8173","post","type-post","status-publish","format-standard","has-post-thumbnail","hentry","category-conferencia","category-conferencias","category-destacar","category-etsa","category-video","category-video-2"],"_links":{"self":[{"href":"https:\/\/cultura.arq.upv.es\/cultura\/wp-json\/wp\/v2\/posts\/8173","targetHints":{"allow":["GET"]}}],"collection":[{"href":"https:\/\/cultura.arq.upv.es\/cultura\/wp-json\/wp\/v2\/posts"}],"about":[{"href":"https:\/\/cultura.arq.upv.es\/cultura\/wp-json\/wp\/v2\/types\/post"}],"author":[{"embeddable":true,"href":"https:\/\/cultura.arq.upv.es\/cultura\/wp-json\/wp\/v2\/users\/2"}],"replies":[{"embeddable":true,"href":"https:\/\/cultura.arq.upv.es\/cultura\/wp-json\/wp\/v2\/comments?post=8173"}],"version-history":[{"count":1,"href":"https:\/\/cultura.arq.upv.es\/cultura\/wp-json\/wp\/v2\/posts\/8173\/revisions"}],"predecessor-version":[{"id":8176,"href":"https:\/\/cultura.arq.upv.es\/cultura\/wp-json\/wp\/v2\/posts\/8173\/revisions\/8176"}],"wp:featuredmedia":[{"embeddable":true,"href":"https:\/\/cultura.arq.upv.es\/cultura\/wp-json\/wp\/v2\/media\/9544"}],"wp:attachment":[{"href":"https:\/\/cultura.arq.upv.es\/cultura\/wp-json\/wp\/v2\/media?parent=8173"}],"wp:term":[{"taxonomy":"category","embeddable":true,"href":"https:\/\/cultura.arq.upv.es\/cultura\/wp-json\/wp\/v2\/categories?post=8173"},{"taxonomy":"post_tag","embeddable":true,"href":"https:\/\/cultura.arq.upv.es\/cultura\/wp-json\/wp\/v2\/tags?post=8173"}],"curies":[{"name":"wp","href":"https:\/\/api.w.org\/{rel}","templated":true}]}}