{"id":8020,"date":"2014-03-20T12:07:45","date_gmt":"2014-03-20T11:07:45","guid":{"rendered":"http:\/\/cultura.arq.upv.es\/cultura\/?p=8020"},"modified":"2025-11-03T18:35:13","modified_gmt":"2025-11-03T17:35:13","slug":"02_arqtweet","status":"publish","type":"post","link":"https:\/\/cultura.arq.upv.es\/cultura\/02_arqtweet\/","title":{"rendered":"02_ARQ TWEET"},"content":{"rendered":"<p><strong>Conferenciante:\u00a0<\/strong>Tom\u00e1s Llorens Serra<br \/>\n<strong>Fecha y hora:\u00a0<\/strong>06\/02\/2014\u00a0| 12.30 h<br \/>\n<strong>Descargar:\u00a0<\/strong>en formato PDF\u00a0<a href=\"https:\/\/cultura.arq.upv.es\/cultura\/wp-content\/uploads\/2014\/03\/02_ARQTWEET.pdf\">\u2193<\/a><\/p>\n<p>En REFERENTES presentamos a Juan Jos\u00e9 Estell\u00e9s Ceba, arquitecto, que adem\u00e1s fue profesor, amigo y ciudadano muy especial. Su trayectoria profesional mereci\u00f3, en 1999, el galard\u00f3n de Mestre de l&#8217;Arquitectura, el m\u00e1ximo reconocimiento de los colegiados a una labor de varias d\u00e9cadas y donde destaca su car\u00e1cter poli\u00e9drico, dominio del oficio y habilidad artesana. Dedicado a la doncencia y pr\u00e1ctica de la arquitectura, Estell\u00e9s muestra una obra comprometida tanto en sus planteamientos como en la manera de hacer. Su reconocida \u00e9tica profesional refleja, principalmente, en la b\u00fasqueda de un h\u00e1bitat responsable,en la preocupaci\u00f3n por una ciudad mejor y en la racional construcci\u00f3n de sus obras.<\/p>\n<p>Prestigiosas publicaciones avalan la calidad de sus arquitectura que, habiendo sido seleccionada por DOCOMOMO Ib\u00e9rico, se incluye tanto en el Registro dedicado a la vivienda como en la exposici\u00f3n itinerante titulada la Vivienda Moderna en la Comunidad Valenciana, documentada con su correspondiente cat\u00e1logo. Estell\u00e9s se interesaba por REFERENTES como Aalto, Schindler, Breuer, Mies van der Rohe o Le Corbusier de los s\u00f3lo unos pocos testimonios aparecen en este ARQ_TWEET.<\/p>\n","protected":false},"excerpt":{"rendered":"<p>Conferenciante:\u00a0Tom\u00e1s [&hellip;]<\/p>\n","protected":false},"author":2,"featured_media":8038,"comment_status":"closed","ping_status":"closed","sticky":false,"template":"","format":"standard","meta":{"footnotes":""},"categories":[68,75,84],"tags":[],"class_list":["post-8020","post","type-post","status-publish","format-standard","has-post-thumbnail","hentry","category-arqtweet","category-destacar","category-publicaciones"],"_links":{"self":[{"href":"https:\/\/cultura.arq.upv.es\/cultura\/wp-json\/wp\/v2\/posts\/8020","targetHints":{"allow":["GET"]}}],"collection":[{"href":"https:\/\/cultura.arq.upv.es\/cultura\/wp-json\/wp\/v2\/posts"}],"about":[{"href":"https:\/\/cultura.arq.upv.es\/cultura\/wp-json\/wp\/v2\/types\/post"}],"author":[{"embeddable":true,"href":"https:\/\/cultura.arq.upv.es\/cultura\/wp-json\/wp\/v2\/users\/2"}],"replies":[{"embeddable":true,"href":"https:\/\/cultura.arq.upv.es\/cultura\/wp-json\/wp\/v2\/comments?post=8020"}],"version-history":[{"count":12,"href":"https:\/\/cultura.arq.upv.es\/cultura\/wp-json\/wp\/v2\/posts\/8020\/revisions"}],"predecessor-version":[{"id":12857,"href":"https:\/\/cultura.arq.upv.es\/cultura\/wp-json\/wp\/v2\/posts\/8020\/revisions\/12857"}],"wp:featuredmedia":[{"embeddable":true,"href":"https:\/\/cultura.arq.upv.es\/cultura\/wp-json\/wp\/v2\/media\/8038"}],"wp:attachment":[{"href":"https:\/\/cultura.arq.upv.es\/cultura\/wp-json\/wp\/v2\/media?parent=8020"}],"wp:term":[{"taxonomy":"category","embeddable":true,"href":"https:\/\/cultura.arq.upv.es\/cultura\/wp-json\/wp\/v2\/categories?post=8020"},{"taxonomy":"post_tag","embeddable":true,"href":"https:\/\/cultura.arq.upv.es\/cultura\/wp-json\/wp\/v2\/tags?post=8020"}],"curies":[{"name":"wp","href":"https:\/\/api.w.org\/{rel}","templated":true}]}}