{"id":7950,"date":"2014-02-23T10:17:48","date_gmt":"2014-02-23T09:17:48","guid":{"rendered":"http:\/\/cultura.arq.upv.es\/cultura\/?p=7950"},"modified":"2018-02-06T12:56:46","modified_gmt":"2018-02-06T11:56:46","slug":"congreso-arquitectonics","status":"publish","type":"post","link":"https:\/\/cultura.arq.upv.es\/cultura\/congreso-arquitectonics\/","title":{"rendered":"Congreso Arquitectonics"},"content":{"rendered":"<p style=\"font-size: 13px;\"><span style=\"font-size: 20px;\"><span style=\"color: #b1171e;\"><b>23\/02\/2014<\/b><\/span><\/span><br \/>\n<span style=\"color: #444444; font-family: Calibri, sans-serif; font-size: 15px; line-height: 21px;\"><strong>Congreso Arquitect\u00f2nics &#8211; Grupo GIRAS-TEC UPC<\/strong><\/span><\/p>\n<div style=\"line-height: 21px; color: #444444; font-family: Calibri, sans-serif; font-size: 15px;\">\n<div style=\"text-align: justify;\">\n<div style=\"line-height: 21px; color: #444444; font-family: Calibri, sans-serif; font-size: 15px;\">\n<div style=\"min-height: 14px;\"><span style=\"font-size: 10px;\"><span style=\"font-family: open sans,sans-serif;\">Jornadas Cient\u00edficas:\u00a0ARQUITECTURA, EDUCACI\u00d3N Y SOCIEDAD.\u00a0HACIA UNA REVOLUCION DIAL\u00d3GICA EN LA EDUCACI\u00d3N CR\u00cdTICA DE LA ARQUITECTURA\u00a0<\/span><\/span><\/div>\n<div><span style=\"font-size: 10px;\"><span style=\"font-family: open sans,sans-serif;\">F\u00f3rum Internacional. Barcelona 4-5-6 de Junio, 2014\u00a0<\/span><\/span><\/div>\n<div><span style=\"font-size: 10px;\"><span style=\"font-family: open sans,sans-serif;\">International Network:\u00a0Revista Internacional ARQUITECTONICS: Mente, Sociedad y Territorio<\/span><\/span><\/div>\n<div><span style=\"font-size: 10px;\"><span style=\"font-family: open sans,sans-serif;\">Director: Josep Munta\u00f1ola Thornberg. Dr. Architect\u00a0<\/span><\/span><\/div>\n<\/div>\n<div style=\"line-height: 21px; color: #444444; font-family: Calibri, sans-serif; font-size: 15px;\"><\/div>\n<div style=\"line-height: 21px; color: #444444; font-family: Calibri, sans-serif; font-size: 15px;\">\n<div><span style=\"font-size: 10px;\"><span style=\"font-family: open sans,sans-serif;\">El congreso propone nueve temas de investigaci\u00f3n sobre las relaciones entre arquitectura, educaci\u00f3n y sociedad, agrupados en tres escenarios complementarios: A-El escenario educativo, B-El escenario profesional y C-El escenario social.\u00a0<\/span><\/span><\/div>\n<div><span style=\"font-size: 10px;\"><span style=\"font-family: open sans,sans-serif;\">Cada tema ser\u00e1 objeto, en un futuro pr\u00f3ximo, de un n\u00famero monogr\u00e1fico de la revista Arquitectonics.\u00a0<\/span><\/span><\/div>\n<div><span style=\"font-size: 10px;\"><span style=\"font-family: open sans,sans-serif;\">Los profundos cambios f\u00edsicos, sociales y culturales que estamos experimentando obligan a los arquitectos a un doble proceso: a abrirse hacia otras disciplinas afines y a refundar la propia disciplina.\u00a0<\/span><\/span><\/div>\n<div><span style=\"font-size: 10px;\"><span style=\"font-family: open sans,sans-serif;\">Este doble y simult\u00e1neo movimiento no es f\u00e1cil pero es imprescindible ante los retos con los que d\u00eda a d\u00eda se enfrentan los arquitectos y todas las profesiones que se interesan por la arquitectura y el urbanismo.\u00a0<\/span><\/span><\/div>\n<div><span style=\"font-size: 10px;\"><span style=\"font-family: open sans,sans-serif;\">La educaci\u00f3n del arquitecto necesita tambi\u00e9n una profunda transformaci\u00f3n para poder generar un pensamiento dial\u00f3gico y cr\u00edtico, tanto en los escenarios educativos como en los profesionales o en los sociales.\u00a0<\/span><\/span><\/div>\n<div><\/div>\n<div><span style=\"font-size: 10px;\"><span style=\"font-family: open sans,sans-serif;\">M\u00e1s informaci\u00f3n:\u00a0<a style=\"color: #0068cf; cursor: pointer;\" href=\"http:\/\/www.arquitectonics.com\/\" target=\"_blank\" rel=\"noopener\">www.arquitectonics.com<\/a><\/span><\/span><\/div>\n<\/div>\n<\/div>\n<\/div>\n","protected":false},"excerpt":{"rendered":"<p>23\/02\/2014 [&hellip;]<\/p>\n","protected":false},"author":2,"featured_media":7951,"comment_status":"closed","ping_status":"closed","sticky":false,"template":"","format":"standard","meta":{"footnotes":""},"categories":[80,75,60],"tags":[],"class_list":["post-7950","post","type-post","status-publish","format-standard","has-post-thumbnail","hentry","category-congresos","category-destacar","category-investigacion"],"_links":{"self":[{"href":"https:\/\/cultura.arq.upv.es\/cultura\/wp-json\/wp\/v2\/posts\/7950","targetHints":{"allow":["GET"]}}],"collection":[{"href":"https:\/\/cultura.arq.upv.es\/cultura\/wp-json\/wp\/v2\/posts"}],"about":[{"href":"https:\/\/cultura.arq.upv.es\/cultura\/wp-json\/wp\/v2\/types\/post"}],"author":[{"embeddable":true,"href":"https:\/\/cultura.arq.upv.es\/cultura\/wp-json\/wp\/v2\/users\/2"}],"replies":[{"embeddable":true,"href":"https:\/\/cultura.arq.upv.es\/cultura\/wp-json\/wp\/v2\/comments?post=7950"}],"version-history":[{"count":2,"href":"https:\/\/cultura.arq.upv.es\/cultura\/wp-json\/wp\/v2\/posts\/7950\/revisions"}],"predecessor-version":[{"id":10484,"href":"https:\/\/cultura.arq.upv.es\/cultura\/wp-json\/wp\/v2\/posts\/7950\/revisions\/10484"}],"wp:featuredmedia":[{"embeddable":true,"href":"https:\/\/cultura.arq.upv.es\/cultura\/wp-json\/wp\/v2\/media\/7951"}],"wp:attachment":[{"href":"https:\/\/cultura.arq.upv.es\/cultura\/wp-json\/wp\/v2\/media?parent=7950"}],"wp:term":[{"taxonomy":"category","embeddable":true,"href":"https:\/\/cultura.arq.upv.es\/cultura\/wp-json\/wp\/v2\/categories?post=7950"},{"taxonomy":"post_tag","embeddable":true,"href":"https:\/\/cultura.arq.upv.es\/cultura\/wp-json\/wp\/v2\/tags?post=7950"}],"curies":[{"name":"wp","href":"https:\/\/api.w.org\/{rel}","templated":true}]}}