{"id":7907,"date":"2014-02-11T12:19:49","date_gmt":"2014-02-11T11:19:49","guid":{"rendered":"http:\/\/cultura.arq.upv.es\/cultura\/?p=7907"},"modified":"2018-02-06T12:59:09","modified_gmt":"2018-02-06T11:59:09","slug":"exposicion-proyectos-curso-20122013","status":"publish","type":"post","link":"https:\/\/cultura.arq.upv.es\/cultura\/exposicion-proyectos-curso-20122013\/","title":{"rendered":"Exposici\u00f3n proyectos curso 2012\/2013"},"content":{"rendered":"<p style=\"font-size: 13px;\"><span style=\"line-height: 20px; font-size: 20px;\"><span style=\"color: #b1171e;\"><b>13\/02\/2014<\/b><\/span><\/span><\/p>\n<p style=\"font-size: 13px;\"><span style=\"line-height: 20px; color: #50575b; font-size: 20px;\">Exposici\u00f3n:<b>\u00a0Proyectos curso 2012\/2013<\/b><\/span><\/p>\n<div style=\"font-size: 13px;\"><\/div>\n<div style=\"font-size: 13px;\"><\/div>\n<div style=\"font-size: 13px;\"><\/div>\n<div style=\"font-size: 13px;\">\n<div><span style=\"color: #50575b; font-size: 11px;\"><strong>Lugar: \u00a0<\/strong>Vest\u00edbulos ( principal y de pilares), pasillo Direcci\u00f3n, pasillo Norte-Sur<\/span><\/div>\n<div><strong style=\"color: #50575b; font-size: 11px;\">Fecha y hora: \u00a0<\/strong><span style=\"color: #50575b; font-size: 11px;\">13\/02\/14\u00a0 \u00a0 13:30h.<\/span><\/div>\n<div><strong style=\"color: #50575b; font-size: 11px;\">Duraci\u00f3n: \u00a0<\/strong><span style=\"color: #50575b; font-size: 11px;\">13\/02\/14\u00a0&#8211; 04\/04\/14\u00a0 \u00a0<\/span><\/div>\n<div>\n<div><\/div>\n<div>\n<div><\/div>\n<div><\/div>\n<div>\n<div style=\"text-align: justify;\"><\/div>\n<div style=\"text-align: justify;\">\n<p><span style=\"font-family: 'open sans', sans-serif;\"><span style=\"font-size: 11px;\">La Direcci\u00f3n de la ETSA y el Departamento de Proyectos Arquitect\u00f3nicos tienen el placer de invitaros a la inauguraci\u00f3n de los proyectos seleccionados del curso 2012\/2013 que tendr\u00e1 lugar el pr\u00f3ximo jueves 13 de febrero a las 13.30 horas<\/span><\/span><\/p>\n<p><span style=\"font-size: 11px; font-family: 'open sans', sans-serif; line-height: 1.6em;\">Como novedad este a\u00f1o se expondr\u00e1n conjuntamente los proyectos de los distintos niveles y el PFC, lo que ser\u00e1 de gran inter\u00e9s para todos.<\/span><\/p>\n<p>&nbsp;<\/p>\n<p>&nbsp;<\/p>\n<p>&nbsp;<\/p>\n<p><strong style=\"color: #444444; text-align: justify; line-height: 1.6em; font-family: 'open sans', sans-serif; font-size: 10px;\">M\u00c1S INFORMACI\u00d3N: \u00a0<\/strong>dparq.upv.es<\/p>\n<p>&nbsp;<\/p>\n<p>&nbsp;<\/p>\n<\/div>\n<p>&nbsp;<\/p>\n<p>&nbsp;<\/p>\n<p>&nbsp;<\/p>\n<\/div>\n<p>&nbsp;<\/p>\n<p>&nbsp;<\/p>\n<p>&nbsp;<\/p>\n<\/div>\n<p>&nbsp;<\/p>\n<p>&nbsp;<\/p>\n<p>&nbsp;<\/p>\n<\/div>\n<\/div>\n","protected":false},"excerpt":{"rendered":"<p>13\/02\/2014 [&hellip;]<\/p>\n","protected":false},"author":2,"featured_media":7911,"comment_status":"closed","ping_status":"closed","sticky":false,"template":"","format":"standard","meta":{"footnotes":""},"categories":[40,75,28,54,79],"tags":[],"class_list":["post-7907","post","type-post","status-publish","format-standard","has-post-thumbnail","hentry","category-alumnos","category-destacar","category-etsa","category-exposicion","category-exposiciones"],"_links":{"self":[{"href":"https:\/\/cultura.arq.upv.es\/cultura\/wp-json\/wp\/v2\/posts\/7907","targetHints":{"allow":["GET"]}}],"collection":[{"href":"https:\/\/cultura.arq.upv.es\/cultura\/wp-json\/wp\/v2\/posts"}],"about":[{"href":"https:\/\/cultura.arq.upv.es\/cultura\/wp-json\/wp\/v2\/types\/post"}],"author":[{"embeddable":true,"href":"https:\/\/cultura.arq.upv.es\/cultura\/wp-json\/wp\/v2\/users\/2"}],"replies":[{"embeddable":true,"href":"https:\/\/cultura.arq.upv.es\/cultura\/wp-json\/wp\/v2\/comments?post=7907"}],"version-history":[{"count":6,"href":"https:\/\/cultura.arq.upv.es\/cultura\/wp-json\/wp\/v2\/posts\/7907\/revisions"}],"predecessor-version":[{"id":10487,"href":"https:\/\/cultura.arq.upv.es\/cultura\/wp-json\/wp\/v2\/posts\/7907\/revisions\/10487"}],"wp:featuredmedia":[{"embeddable":true,"href":"https:\/\/cultura.arq.upv.es\/cultura\/wp-json\/wp\/v2\/media\/7911"}],"wp:attachment":[{"href":"https:\/\/cultura.arq.upv.es\/cultura\/wp-json\/wp\/v2\/media?parent=7907"}],"wp:term":[{"taxonomy":"category","embeddable":true,"href":"https:\/\/cultura.arq.upv.es\/cultura\/wp-json\/wp\/v2\/categories?post=7907"},{"taxonomy":"post_tag","embeddable":true,"href":"https:\/\/cultura.arq.upv.es\/cultura\/wp-json\/wp\/v2\/tags?post=7907"}],"curies":[{"name":"wp","href":"https:\/\/api.w.org\/{rel}","templated":true}]}}