{"id":7897,"date":"2014-02-09T09:59:24","date_gmt":"2014-02-09T08:59:24","guid":{"rendered":"http:\/\/cultura.arq.upv.es\/cultura\/?p=7897"},"modified":"2018-02-06T13:00:20","modified_gmt":"2018-02-06T12:00:20","slug":"congreso-eubim-2014","status":"publish","type":"post","link":"https:\/\/cultura.arq.upv.es\/cultura\/congreso-eubim-2014\/","title":{"rendered":"Congreso EUBIM-2014"},"content":{"rendered":"<p style=\"font-size: 13px;\"><span style=\"font-size: 20px;\"><span style=\"color: #b1171e;\"><b>9\/02\/2014<\/b><\/span><\/span><br \/>\n<b style=\"line-height: 21px; color: #444444; font-family: Helvetica; font-size: 15px;\">Congreso EUBIM-2014: Call for abstracts<\/b><\/p>\n<p style=\"font-size: 13px;\">\n<div style=\"line-height: 21px; color: #444444; font-family: Calibri, sans-serif; font-size: 15px;\"><span style=\"font-size: 10px;\"><span style=\"font-family: open sans,sans-serif;\">Organiza:\u00a0ETS de Ingenier\u00eda de Edificaci\u00f3n de la Universitat Polit\u00e8cnica de Val\u00e8ncia<\/span><\/span><\/div>\n<div style=\"line-height: 21px; color: #444444; font-family: Calibri, sans-serif; font-size: 15px;\"><span style=\"font-size: 10px;\"><span style=\"font-family: open sans,sans-serif;\">Fechas: 23 y 24 de mayo de 2014<\/span><\/span><\/div>\n<div style=\"line-height: 21px; color: #444444; font-family: Calibri, sans-serif; font-size: 15px;\"><span style=\"font-size: 10px;\"><span style=\"font-family: open sans,sans-serif;\">Fecha l\u00edmite de recepci\u00f3n de res\u00famenes: 23 de febrero de 2014<\/span><\/span><\/div>\n<div style=\"line-height: 21px; color: #444444; font-family: Calibri, sans-serif; font-size: 15px;\"><\/div>\n<div style=\"line-height: 21px; color: #444444; font-family: Calibri, sans-serif; font-size: 15px;\"><span style=\"font-size: 10px;\"><span style=\"font-family: open sans,sans-serif;\">Los pr\u00f3ximos d\u00edas 23 y 24 de mayo, la Universitat Polit\u00e8cnica de Val\u00e8ncia organiza el 2\u00ba Congreso Nacional sobre Building Information Modeling (BIM) | EUBIM-2014, la metodolog\u00eda para la gesti\u00f3n de la informaci\u00f3n en proyectos de construcci\u00f3n que, con sus herramientas de software, se est\u00e1 imponiendo a nivel internacional como referente para el dise\u00f1o y definici\u00f3n de proyectos edificatorios y para la gesti\u00f3n del proceso constructivo. Por ello, el lema elegido este a\u00f1o es \u201cBIM como ventaja estrat\u00e9gica\u201d. El evento tendr\u00e1 lugar en la ETS de Ingenier\u00eda de Edificaci\u00f3n, edificio 1C del Campus de Vera en Valencia.<br style=\"font-family: CourierNewPSMT;\" \/><br \/>\n<br style=\"font-family: CourierNewPSMT;\" \/><br \/>\nBIM es una metodolog\u00eda de trabajo en el proceso dise\u00f1o-construcci\u00f3n-explotaci\u00f3n del edificio que permite la compartici\u00f3n de la informaci\u00f3n entre todos los agentes intervinientes, la colaboraci\u00f3n efectiva entre los mismos y la reducci\u00f3n del grado de incertidumbre que en todo proyecto constructivo es inherente. En nuestro pa\u00eds es a\u00fan una metodolog\u00eda emergente, pero cada vez m\u00e1s conocida y reconocida entre profesionales y empresas innovadoras del sector de la construcci\u00f3n. En otros pa\u00edses europeos ya se ha convertido en una metodolog\u00eda implantada y utilizada. El pasado 17 de enero, el Parlamento Europeo aprob\u00f3 una directiva comunitaria (The European Union Public Procurement Directive \u2013EUPPD) por la que se insta a los Gobiernos de pa\u00edses miembros a exigir el uso de BIM en todos los proyectos edificatorios financiados con fondos p\u00fablicos, a partir de 2016.<br style=\"font-family: CourierNewPSMT;\" \/><br \/>\n<br style=\"font-family: CourierNewPSMT;\" \/><br \/>\nEUBIM-2014 ser\u00e1 el punto de encuentro de todos los profesionales y empresas de la construcci\u00f3n interesadas en la innovaci\u00f3n y beneficios que, en sus procesos productivos, puede aportarles el BIM. Habr\u00e1 una zona de exhibici\u00f3n, abierta al p\u00fablico en general, donde los principales desarrolladores de software (internacionales y nacionales) y BIM Management presentar\u00e1n sus productos y se podr\u00e1n realizar demostraciones de las posibilidades de sus herramientas y sistemas de trabajo. Contaremos con talleres, ponentes invitados, presentaci\u00f3n de las mejores comunicaciones cient\u00edficas del congreso y mesas de debate.<br style=\"font-family: CourierNewPSMT;\" \/><br \/>\n<br style=\"font-family: CourierNewPSMT;\" \/><br \/>\nEl plazo para presentaci\u00f3n de abstracts est\u00e1 ya abierto y finaliza el pr\u00f3ximo 23 de febrero.<br style=\"font-family: CourierNewPSMT;\" \/><br \/>\n<br style=\"font-family: CourierNewPSMT;\" \/><br \/>\nLas l\u00edneas tem\u00e1ticas y toda la informaci\u00f3n inicial est\u00e1 en la p\u00e1gina web del congreso, que se ir\u00e1 actualizando:\u00a0<a style=\"color: #0068cf; cursor: pointer; font-family: CourierNewPSMT;\" href=\"http:\/\/www.eubim.com\/\" target=\"_blank\" rel=\"noopener\">www.eubim.com<\/a><\/span><\/span><\/div>\n<div style=\"line-height: 21px; color: #444444; font-family: Calibri, sans-serif; font-size: 15px;\"><span style=\"font-size: 10px;\"><span style=\"font-family: open sans,sans-serif;\">Tambi\u00e9n se pueden realizar consultas al Comit\u00e9 Organizador a trav\u00e9s de nuestro correo:\u00a0<a style=\"color: #0068cf; cursor: pointer; font-family: CourierNewPSMT;\" href=\"mailto:eubim2014@upv.es\">eubim2014@upv.es<\/a><\/span><\/span><\/div>\n","protected":false},"excerpt":{"rendered":"<p>9\/02\/2014 [&hellip;]<\/p>\n","protected":false},"author":2,"featured_media":7899,"comment_status":"closed","ping_status":"closed","sticky":false,"template":"","format":"standard","meta":{"footnotes":""},"categories":[80,75,60],"tags":[],"class_list":["post-7897","post","type-post","status-publish","format-standard","has-post-thumbnail","hentry","category-congresos","category-destacar","category-investigacion"],"_links":{"self":[{"href":"https:\/\/cultura.arq.upv.es\/cultura\/wp-json\/wp\/v2\/posts\/7897","targetHints":{"allow":["GET"]}}],"collection":[{"href":"https:\/\/cultura.arq.upv.es\/cultura\/wp-json\/wp\/v2\/posts"}],"about":[{"href":"https:\/\/cultura.arq.upv.es\/cultura\/wp-json\/wp\/v2\/types\/post"}],"author":[{"embeddable":true,"href":"https:\/\/cultura.arq.upv.es\/cultura\/wp-json\/wp\/v2\/users\/2"}],"replies":[{"embeddable":true,"href":"https:\/\/cultura.arq.upv.es\/cultura\/wp-json\/wp\/v2\/comments?post=7897"}],"version-history":[{"count":3,"href":"https:\/\/cultura.arq.upv.es\/cultura\/wp-json\/wp\/v2\/posts\/7897\/revisions"}],"predecessor-version":[{"id":10489,"href":"https:\/\/cultura.arq.upv.es\/cultura\/wp-json\/wp\/v2\/posts\/7897\/revisions\/10489"}],"wp:featuredmedia":[{"embeddable":true,"href":"https:\/\/cultura.arq.upv.es\/cultura\/wp-json\/wp\/v2\/media\/7899"}],"wp:attachment":[{"href":"https:\/\/cultura.arq.upv.es\/cultura\/wp-json\/wp\/v2\/media?parent=7897"}],"wp:term":[{"taxonomy":"category","embeddable":true,"href":"https:\/\/cultura.arq.upv.es\/cultura\/wp-json\/wp\/v2\/categories?post=7897"},{"taxonomy":"post_tag","embeddable":true,"href":"https:\/\/cultura.arq.upv.es\/cultura\/wp-json\/wp\/v2\/tags?post=7897"}],"curies":[{"name":"wp","href":"https:\/\/api.w.org\/{rel}","templated":true}]}}