{"id":7401,"date":"2013-09-17T09:38:28","date_gmt":"2013-09-17T08:38:28","guid":{"rendered":"http:\/\/cultura.arq.upv.es\/cultura\/?p=7401"},"modified":"2017-06-21T16:44:46","modified_gmt":"2017-06-21T15:44:46","slug":"carpe-2013","status":"publish","type":"post","link":"https:\/\/cultura.arq.upv.es\/cultura\/carpe-2013\/","title":{"rendered":"CARPE 2013"},"content":{"rendered":"<p style=\"text-align: justify; font-size: 13px;\"><span style=\"font-size: 11px;\"><span style=\"font-family: open sans,sans-serif;\"><span style=\"line-height: normal;\">Manchester Metropolitan University (MMU) nos invita a la Conferencia CARPE 2013 en Manchester. Las plazas en la conferencia son limitadas y la asistencia es por invitaci\u00f3n solamente. Antes de inscribirse, consulte con el coordinador\/a de CARPE de su universidad (Javier Orozco o Isabel Chiner) que est\u00e1n incluidos en la asignaci\u00f3n de su universidad. Los delegados individuales deber\u00e1n completar el formulario de inscripci\u00f3n en l\u00ednea en.\u00a0<\/span><span style=\"line-height: normal;\">4 octubre fecha l\u00edmite.<\/span><\/span><\/span><\/p>\n<p>Esta reserva es s\u00f3lo para la asistencia al Congreso. No hay ning\u00fan cargo. Refrescos est\u00e1n incluidos. Una cantidad limitada de vino se entregar\u00e1 con las cenas. Bebidas adicionales estar\u00e1n disponibles para su compra.<\/p>\n<p>Los delegados son responsables de reservar su propio transporte y alojamiento. Los detalles de 3 hoteles, donde se han organizado la distribuci\u00f3n de oficinas. Por favor, p\u00f3ngase en contacto con el hotel directamente. Habitaciones y tarifas est\u00e1n sujetas a disponibilidad. Tenga en cuenta que s\u00f3lo se llevar\u00e1 a cabo hasta el 24 de septiembre (6 semanas antes de la conferencia).<\/p>\n","protected":false},"excerpt":{"rendered":"<p>Manchester [&hellip;]<\/p>\n","protected":false},"author":2,"featured_media":7403,"comment_status":"closed","ping_status":"closed","sticky":false,"template":"","format":"standard","meta":{"footnotes":""},"categories":[75,31,41,61],"tags":[],"class_list":["post-7401","post","type-post","status-publish","format-standard","has-post-thumbnail","hentry","category-destacar","category-noticia","category-otras_instituciones","category-otras"],"_links":{"self":[{"href":"https:\/\/cultura.arq.upv.es\/cultura\/wp-json\/wp\/v2\/posts\/7401","targetHints":{"allow":["GET"]}}],"collection":[{"href":"https:\/\/cultura.arq.upv.es\/cultura\/wp-json\/wp\/v2\/posts"}],"about":[{"href":"https:\/\/cultura.arq.upv.es\/cultura\/wp-json\/wp\/v2\/types\/post"}],"author":[{"embeddable":true,"href":"https:\/\/cultura.arq.upv.es\/cultura\/wp-json\/wp\/v2\/users\/2"}],"replies":[{"embeddable":true,"href":"https:\/\/cultura.arq.upv.es\/cultura\/wp-json\/wp\/v2\/comments?post=7401"}],"version-history":[{"count":5,"href":"https:\/\/cultura.arq.upv.es\/cultura\/wp-json\/wp\/v2\/posts\/7401\/revisions"}],"predecessor-version":[{"id":10186,"href":"https:\/\/cultura.arq.upv.es\/cultura\/wp-json\/wp\/v2\/posts\/7401\/revisions\/10186"}],"wp:featuredmedia":[{"embeddable":true,"href":"https:\/\/cultura.arq.upv.es\/cultura\/wp-json\/wp\/v2\/media\/7403"}],"wp:attachment":[{"href":"https:\/\/cultura.arq.upv.es\/cultura\/wp-json\/wp\/v2\/media?parent=7401"}],"wp:term":[{"taxonomy":"category","embeddable":true,"href":"https:\/\/cultura.arq.upv.es\/cultura\/wp-json\/wp\/v2\/categories?post=7401"},{"taxonomy":"post_tag","embeddable":true,"href":"https:\/\/cultura.arq.upv.es\/cultura\/wp-json\/wp\/v2\/tags?post=7401"}],"curies":[{"name":"wp","href":"https:\/\/api.w.org\/{rel}","templated":true}]}}