{"id":7381,"date":"2013-09-16T10:36:55","date_gmt":"2013-09-16T09:36:55","guid":{"rendered":"http:\/\/cultura.arq.upv.es\/cultura\/?p=7381"},"modified":"2017-06-21T16:41:11","modified_gmt":"2017-06-21T15:41:11","slug":"circos-2013","status":"publish","type":"post","link":"https:\/\/cultura.arq.upv.es\/cultura\/circos-2013\/","title":{"rendered":"Circos 2013"},"content":{"rendered":"<div style=\"font-size: 13px;\">\n<div style=\"text-align: justify;\"><span style=\"color: #2f4f4f;\"><span style=\"font-size: 11px;\">Concurso internacional organizado por el Departamento de Arquitectura y Dise\u00f1o del Instituto de Tecnolog\u00eda de Nagoya. Trata de recoger los trabajos de diferentes estudiantes que gusten participar en este concurso.<\/span><\/span><\/div>\n<div style=\"text-align: justify;\"><\/div>\n<div style=\"text-align: justify;\"><span style=\"color: #2f4f4f;\"><span style=\"font-size: 11px;\">Los trabajos a presentar pueden ser de todo tipo, tanto edificios p\u00fablicos, viviendas, experimentales, debiendo ser debidamente presentados antes del d\u00eda 31 de Octubre de 2013. En la p\u00e1gina web del concurso pueden visualizarse aquellos trabajos presentados durante la edici\u00f3n anterior del a\u00f1o 2012 que pueden ser una referencia para saber el nivel de concurso al que se enfretar\u00e1n los estudiantes de varios lugares del globo terr\u00e1queo.<\/span><\/span><\/div>\n<\/div>\n","protected":false},"excerpt":{"rendered":"<p>Concurso [&hellip;]<\/p>\n","protected":false},"author":2,"featured_media":7382,"comment_status":"closed","ping_status":"closed","sticky":false,"template":"","format":"standard","meta":{"footnotes":""},"categories":[75,31,41,61],"tags":[],"class_list":["post-7381","post","type-post","status-publish","format-standard","has-post-thumbnail","hentry","category-destacar","category-noticia","category-otras_instituciones","category-otras"],"_links":{"self":[{"href":"https:\/\/cultura.arq.upv.es\/cultura\/wp-json\/wp\/v2\/posts\/7381","targetHints":{"allow":["GET"]}}],"collection":[{"href":"https:\/\/cultura.arq.upv.es\/cultura\/wp-json\/wp\/v2\/posts"}],"about":[{"href":"https:\/\/cultura.arq.upv.es\/cultura\/wp-json\/wp\/v2\/types\/post"}],"author":[{"embeddable":true,"href":"https:\/\/cultura.arq.upv.es\/cultura\/wp-json\/wp\/v2\/users\/2"}],"replies":[{"embeddable":true,"href":"https:\/\/cultura.arq.upv.es\/cultura\/wp-json\/wp\/v2\/comments?post=7381"}],"version-history":[{"count":5,"href":"https:\/\/cultura.arq.upv.es\/cultura\/wp-json\/wp\/v2\/posts\/7381\/revisions"}],"predecessor-version":[{"id":10183,"href":"https:\/\/cultura.arq.upv.es\/cultura\/wp-json\/wp\/v2\/posts\/7381\/revisions\/10183"}],"wp:featuredmedia":[{"embeddable":true,"href":"https:\/\/cultura.arq.upv.es\/cultura\/wp-json\/wp\/v2\/media\/7382"}],"wp:attachment":[{"href":"https:\/\/cultura.arq.upv.es\/cultura\/wp-json\/wp\/v2\/media?parent=7381"}],"wp:term":[{"taxonomy":"category","embeddable":true,"href":"https:\/\/cultura.arq.upv.es\/cultura\/wp-json\/wp\/v2\/categories?post=7381"},{"taxonomy":"post_tag","embeddable":true,"href":"https:\/\/cultura.arq.upv.es\/cultura\/wp-json\/wp\/v2\/tags?post=7381"}],"curies":[{"name":"wp","href":"https:\/\/api.w.org\/{rel}","templated":true}]}}