{"id":7298,"date":"2013-08-16T10:35:17","date_gmt":"2013-08-16T09:35:17","guid":{"rendered":"http:\/\/cultura.arq.upv.es\/cultura\/?p=7298"},"modified":"2017-06-21T16:20:35","modified_gmt":"2017-06-21T15:20:35","slug":"7298","status":"publish","type":"post","link":"https:\/\/cultura.arq.upv.es\/cultura\/7298\/","title":{"rendered":"Plan Estatal de Investigaci\u00f3n 2013"},"content":{"rendered":"<p style=\"font-size: 13px; line-height: 20px;\"><span style=\"font-size: 10px;\"><span style=\"font-family: open sans,sans-serif;\">El Ministerio de Econom\u00eda y Competitividad ha publicado el Plan de Actuaci\u00f3n Anual 2013 (PAA) en el cual se incluyen todas las convocatorias de ayudas que se lanzar\u00e1n a lo largo de este a\u00f1o de 2013\u00a0 (incluidas las l\u00edneas CDTI), fechas de lanzamiento e importes asignados, y define todas las actuaciones que se pondr\u00e1n en marcha.<\/span><\/span><\/p>\n<p style=\"text-align: justify;\"><span style=\"font-size: 10px;\"><span style=\"font-family: open sans,sans-serif;\">Este PAA est\u00e1 integrado por 4 programas estatales que se despliegan en 18 subprogramas de car\u00e1cter plurianual que se desarrollar\u00e1n mediante convocatorias en concurrencia competitiva en las que se detallan las modalidades de participaci\u00f3n y financiaci\u00f3n.<\/span><\/span><\/p>\n<p style=\"text-align: justify;\"><span style=\"font-size: 10px;\"><span style=\"font-family: open sans,sans-serif;\">Los 4 programas estatales son:<\/span><\/span><\/p>\n<ul>\n<li style=\"text-align: justify;\"><span style=\"font-size: 10px;\"><span style=\"font-family: open sans,sans-serif;\">Promoci\u00f3n e incorporaci\u00f3n del talento y empleabilidad.<\/span><\/span><\/li>\n<li style=\"text-align: justify;\"><span style=\"font-size: 10px;\"><span style=\"font-family: open sans,sans-serif;\">Fomento de la investigaci\u00f3n cient\u00edfica y t\u00e9cnica de excelencia<\/span><\/span><\/li>\n<li style=\"text-align: justify;\"><span style=\"font-size: 10px;\"><span style=\"font-family: open sans,sans-serif;\">Liderazgo empresarial en I+D+i<\/span><\/span><\/li>\n<li style=\"text-align: justify;\"><span style=\"font-size: 10px;\"><span style=\"font-family: open sans,sans-serif;\">I+D+i orientada a los retos de la sociedad.<\/span><\/span><\/li>\n<\/ul>\n<p style=\"text-align: justify;\">\n<p style=\"text-align: justify;\"><span style=\"font-size: 10px;\"><span style=\"font-family: open sans,sans-serif;\">El Plan de Actuaci\u00f3n pod\u00e9is encontrarlo en la web de la FECYT:<\/span><\/span><\/p>\n<p style=\"text-align: justify;\"><a href=\"http:\/\/icono.fecyt.es\/informesypublicaciones\/Paginas\/Programa-de-Trabajo.aspx\"><span style=\"font-size: 10px;\"><span style=\"font-family: open sans,sans-serif;\">http:\/\/icono.fecyt.es\/informesypublicaciones\/Paginas\/Programa-de-Trabajo.aspx<\/span><\/span><\/a><\/p>\n","protected":false},"excerpt":{"rendered":"<p>El [&hellip;]<\/p>\n","protected":false},"author":2,"featured_media":7061,"comment_status":"closed","ping_status":"closed","sticky":false,"template":"","format":"standard","meta":{"footnotes":""},"categories":[75,60],"tags":[],"class_list":["post-7298","post","type-post","status-publish","format-standard","has-post-thumbnail","hentry","category-destacar","category-investigacion"],"_links":{"self":[{"href":"https:\/\/cultura.arq.upv.es\/cultura\/wp-json\/wp\/v2\/posts\/7298","targetHints":{"allow":["GET"]}}],"collection":[{"href":"https:\/\/cultura.arq.upv.es\/cultura\/wp-json\/wp\/v2\/posts"}],"about":[{"href":"https:\/\/cultura.arq.upv.es\/cultura\/wp-json\/wp\/v2\/types\/post"}],"author":[{"embeddable":true,"href":"https:\/\/cultura.arq.upv.es\/cultura\/wp-json\/wp\/v2\/users\/2"}],"replies":[{"embeddable":true,"href":"https:\/\/cultura.arq.upv.es\/cultura\/wp-json\/wp\/v2\/comments?post=7298"}],"version-history":[{"count":5,"href":"https:\/\/cultura.arq.upv.es\/cultura\/wp-json\/wp\/v2\/posts\/7298\/revisions"}],"predecessor-version":[{"id":10167,"href":"https:\/\/cultura.arq.upv.es\/cultura\/wp-json\/wp\/v2\/posts\/7298\/revisions\/10167"}],"wp:featuredmedia":[{"embeddable":true,"href":"https:\/\/cultura.arq.upv.es\/cultura\/wp-json\/wp\/v2\/media\/7061"}],"wp:attachment":[{"href":"https:\/\/cultura.arq.upv.es\/cultura\/wp-json\/wp\/v2\/media?parent=7298"}],"wp:term":[{"taxonomy":"category","embeddable":true,"href":"https:\/\/cultura.arq.upv.es\/cultura\/wp-json\/wp\/v2\/categories?post=7298"},{"taxonomy":"post_tag","embeddable":true,"href":"https:\/\/cultura.arq.upv.es\/cultura\/wp-json\/wp\/v2\/tags?post=7298"}],"curies":[{"name":"wp","href":"https:\/\/api.w.org\/{rel}","templated":true}]}}