{"id":6433,"date":"2013-04-21T15:14:22","date_gmt":"2013-04-21T14:14:22","guid":{"rendered":"http:\/\/cultura.arq.upv.es\/cultura\/?p=6433"},"modified":"2017-06-20T12:02:20","modified_gmt":"2017-06-20T11:02:20","slug":"revista-llampara-convocatoria-abierta","status":"publish","type":"post","link":"https:\/\/cultura.arq.upv.es\/cultura\/revista-llampara-convocatoria-abierta\/","title":{"rendered":"Revista Ll\u00e1mpara. Investigaci\u00f3n y difusi\u00f3n del Patrimonio Industrial"},"content":{"rendered":"<div style=\"font-size: 13px;\"><span style=\"font-family: arial,helvetica,sans-serif;\"><span style=\"font-size: 11px;\"><strong style=\"color: #000000; font-family: 'Trebuchet MS', Trebuchet, Verdana, sans-serif; line-height: 16px;\">Ll\u00e1mpara<\/strong><span style=\"color: #000000; line-height: 16px;\">\u00a0<\/span><strong style=\"color: #000000; font-family: 'Trebuchet MS', Trebuchet, Verdana, sans-serif; line-height: 16px;\">Patrimonio Industrial<\/strong><span style=\"color: #000000; line-height: 16px;\">\u00a0es una revista de divulgaci\u00f3n cient\u00edfica y cultural, especializada en Patrimonio Industrial. Posee este car\u00e1cter para dar respuesta a los dos objetivos b\u00e1sicos que marcaron su aparici\u00f3n, llevar la ciencia y la cultura a audiencias mucho m\u00e1s amplias que las que cubren las revistas cient\u00edficas o t\u00e9cnicas, pero sin perder por ello el sentido riguroso y veraz de los contenidos.<\/span><\/span><\/span><\/div>\n","protected":false},"excerpt":{"rendered":"<p>Ll\u00e1mpara\u00a0Patrimonio [&hellip;]<\/p>\n","protected":false},"author":2,"featured_media":6434,"comment_status":"closed","ping_status":"closed","sticky":false,"template":"","format":"standard","meta":{"footnotes":""},"categories":[75,60],"tags":[],"class_list":["post-6433","post","type-post","status-publish","format-standard","has-post-thumbnail","hentry","category-destacar","category-investigacion"],"_links":{"self":[{"href":"https:\/\/cultura.arq.upv.es\/cultura\/wp-json\/wp\/v2\/posts\/6433","targetHints":{"allow":["GET"]}}],"collection":[{"href":"https:\/\/cultura.arq.upv.es\/cultura\/wp-json\/wp\/v2\/posts"}],"about":[{"href":"https:\/\/cultura.arq.upv.es\/cultura\/wp-json\/wp\/v2\/types\/post"}],"author":[{"embeddable":true,"href":"https:\/\/cultura.arq.upv.es\/cultura\/wp-json\/wp\/v2\/users\/2"}],"replies":[{"embeddable":true,"href":"https:\/\/cultura.arq.upv.es\/cultura\/wp-json\/wp\/v2\/comments?post=6433"}],"version-history":[{"count":6,"href":"https:\/\/cultura.arq.upv.es\/cultura\/wp-json\/wp\/v2\/posts\/6433\/revisions"}],"predecessor-version":[{"id":10008,"href":"https:\/\/cultura.arq.upv.es\/cultura\/wp-json\/wp\/v2\/posts\/6433\/revisions\/10008"}],"wp:featuredmedia":[{"embeddable":true,"href":"https:\/\/cultura.arq.upv.es\/cultura\/wp-json\/wp\/v2\/media\/6434"}],"wp:attachment":[{"href":"https:\/\/cultura.arq.upv.es\/cultura\/wp-json\/wp\/v2\/media?parent=6433"}],"wp:term":[{"taxonomy":"category","embeddable":true,"href":"https:\/\/cultura.arq.upv.es\/cultura\/wp-json\/wp\/v2\/categories?post=6433"},{"taxonomy":"post_tag","embeddable":true,"href":"https:\/\/cultura.arq.upv.es\/cultura\/wp-json\/wp\/v2\/tags?post=6433"}],"curies":[{"name":"wp","href":"https:\/\/api.w.org\/{rel}","templated":true}]}}