{"id":6239,"date":"2013-04-12T11:33:40","date_gmt":"2013-04-12T10:33:40","guid":{"rendered":"http:\/\/cultura.arq.upv.es\/cultura\/?p=6239"},"modified":"2018-02-06T13:34:42","modified_gmt":"2018-02-06T12:34:42","slug":"exposicion-cabanyal-patrimonio-en-riesgo","status":"publish","type":"post","link":"https:\/\/cultura.arq.upv.es\/cultura\/exposicion-cabanyal-patrimonio-en-riesgo\/","title":{"rendered":"Exposici\u00f3n: El Cabanyal. Patrimonio en riesgo"},"content":{"rendered":"<p style=\"font-size: 13px;\"><span style=\"font-size: 20px;\"><span style=\"color: #b1171e;\"><b>18\/04\/2013<\/b><\/span><\/span><br \/>\n<span style=\"font-size: 20px;\"><span style=\"color: #50575b;\">Exposici\u00f3n:\u00a0<b>El Cabanyal. Patrimonio en riesgo<\/b><\/span><\/span><\/p>\n<p style=\"font-size: 13px;\">\n<p style=\"font-size: 13px;\"><span style=\"color: #50575b;\"><strong><em>Inauguraci\u00f3n exposici\u00f3n:\u00a0<\/em><\/strong><\/span><strong style=\"color: #50575b; line-height: 1.6em;\"><em>El Cabanyal. Patrimonio en riesgo<\/em><\/strong><\/p>\n<p style=\"font-size: 13px;\">\n<p style=\"font-size: 13px;\"><span style=\"color: #50575b; font-size: 11px;\"><strong>Comisarios:<\/strong><\/span><strong style=\"color: #50575b; font-size: 11px;\">\u00a0<\/strong><span style=\"color: #50575b; font-size: 11px;\">Gaspar Mu\u00f1oz Cosme | Nuria Matarredona Desantes<\/span><\/p>\n<p><span style=\"color: #50575b; font-size: 11px;\"><strong>Inaguraci\u00f3n:\u00a0<\/strong>18\/04\/2013 | 12.15h<\/span><\/p>\n<p><span style=\"color: #50575b; font-size: 11px;\"><strong>Lugar:\u00a0<\/strong>Sala Exposiciones\u00a0ETSA<\/span><\/p>\n<p><span style=\"color: #50575b; font-size: 11px;\"><strong>Duraci\u00f3n: <\/strong>18\/02\/2013 | 17\/05\/2013<\/span><\/p>\n<p style=\"font-size: 13px;\">\n<p style=\"font-size: 13px; text-align: justify;\"><span style=\"font-size: 11px; color: #50575b;\">La realidad urbana de El Cabanyal ha motivado gran n\u00famero de estudios y declaraciones desde la aprobaci\u00f3n, en 2001, del Plan Especial de Protecci\u00f3n y Reforma Interior El Cabanyal-Cayamelar (PEPRI). Este plan retoma algunas de las formulaciones establecidas en el obsoleto Plan General de Ordenaci\u00f3n Urbana de Valencia de 1966, y plantea la prolongaci\u00f3n del Paseo al Mar, hoy conocido como avenida Blasco Iba\u00f1ez. Avenida que, parad\u00f3jicamente, lleva el nombre de uno de los ilustres personajes valencianos que m\u00e1s se identific\u00f3 y defendi\u00f3 los Poblados Mar\u00edtimos, y que supone la destrucci\u00f3n de todo el \u00e1rea central de la trama urbana hist\u00f3rica del barrio, obviando por completo su pasado y las caracter\u00edsticas y peculiaridades de su estructura urbana.\u00a0<\/span><\/p>\n<p style=\"font-size: 13px; text-align: justify;\">\n<p style=\"font-size: 13px; text-align: justify;\"><span style=\"font-size: 11px; color: #50575b;\">Este sector urbano adquiere un especial reconocimiento patrimonial en 1978, cuando es incluido entre las zonas seleccionadas para la incoaci\u00f3n de expediente entre las zonas seleccionadas para la incoaci\u00f3n de expediente de declaraci\u00f3n de Conjunto Hist\u00f3rico-art\u00edstico. Este proceso concluye con su declaraci\u00f3n como Bien de Inter\u00e9s Cultural quince a\u00f1os m\u00e1s tarde donde se reconocen sus valores, especialmente la trama derivada de su proceso de formaci\u00f3n urbana.\u00a0<\/span><\/p>\n<p style=\"font-size: 13px; text-align: justify;\">\n<p style=\"font-size: 13px; text-align: justify;\"><span style=\"font-size: 11px; color: #50575b;\">Las actuaciones para tratar de fomentar y acelerar el desarrollo del PEPRI aprobado, sumadas a las visicitudes que han acompa\u00f1ado a esta decisi\u00f3n y a las respuestas contrapuestas que se han manifestado a lo largo de m\u00e1s de una d\u00e9cada, han derivado en una situaci\u00f3n de deterioro urban\u00edstico y arquitect\u00f3nicos -y por tanto, social y econ\u00f3mico- de la franja central del barrio de El Cabanyal, que se encuentra afectada por la propuesta de prolongaci\u00f3n de la avenida Blasco Ib\u00e1\u00f1ez.<\/span><\/p>\n<p style=\"font-size: 13px; text-align: justify;\">\n<p style=\"font-size: 13px; text-align: justify;\"><span style=\"font-size: 11px; color: #50575b;\">El cometido ha sido, adem\u00e1s de analizar los peligros y amenazas que se ciernen sobre el barrio, estudiar las oportunidades que se brindan, basadas en las caracter\u00edsticas propias de su arquitectura y en la potencia de su estructura urbana, investigando en su pasado y buscando los elementos culturales m\u00e1s notorios que ofrecen ciertas posibilidades de revitalizaci\u00f3n y recuperaci\u00f3n del barrio.<\/span><\/p>\n<p style=\"font-size: 13px;\">\n<p style=\"font-size: 13px;\"><strong><em><span style=\"font-size: 11px; color: #50575b;\">Comisariado de la exposici\u00f3n:<\/span><\/em><\/strong><\/p>\n<p style=\"font-size: 13px;\"><span style=\"font-size: 11px; color: #50575b;\">Gaspar Mu\u00f1oz Cosme | Nuria Matarredona Desantes<\/span><\/p>\n<p style=\"font-size: 13px;\"><strong><em><span style=\"color: #50575b;\"><span style=\"font-size: 11px;\">Equipo Patrimonio en riesgo:<\/span><\/span><\/em><\/strong><\/p>\n<p style=\"font-size: 13px;\"><span style=\"color: #50575b;\"><span style=\"font-size: 11px;\">Gaspar Mu\u00f1oz Cosme | Lola Casta\u00f1er G\u00f3mez | Beatriz Mart\u00edn Dom\u00ednguez | Nuria Matarredona Desantes\u00a0<\/span><\/span><\/p>\n<p style=\"font-size: 13px;\"><span style=\"color: #50575b;\"><span style=\"font-size: 11px;\">Marta Mestre Sabater | Andrea Peir\u00f3 Vitoria | Mireia Perep\u00e9rez Esp\u00ed | Victor Soriano Tar\u00edn<\/span><\/span><\/p>\n<p style=\"font-size: 13px;\"><em><strong><span style=\"color: #50575b;\"><span style=\"font-size: 11px;\">Esc\u00e1ner l\u00e1ser:<\/span><\/span><\/strong><\/em><\/p>\n<p style=\"font-size: 13px;\"><span style=\"color: #50575b;\"><span style=\"font-size: 11px;\">Pablo J.Navarro Esteve | Marta Navarro Camallonga<\/span><\/span><\/p>\n<p style=\"font-size: 13px;\"><em><strong><span style=\"color: #50575b;\"><span style=\"font-size: 11px;\">Estudio patol\u00f3gico:<\/span><\/span><\/strong><\/em><\/p>\n<p style=\"font-size: 13px;\"><span style=\"color: #50575b;\"><span style=\"font-size: 11px;\">Bego\u00f1a Carrascosa Moliner | Francisca Lorenzo Mora<\/span><\/span><span style=\"color: #50575b; font-size: 11px; line-height: 1.6em;\">\u00a0 \u00a0 \u00a0<\/span><\/p>\n<p style=\"font-size: 13px;\"><em><strong><span style=\"color: #50575b; font-size: 11px; line-height: 1.6em;\">Estudio estructural:<\/span><\/strong><\/em><\/p>\n<p style=\"font-size: 13px;\"><span style=\"color: #50575b; font-size: 11px; line-height: 1.6em;\">Fernando Aranda Navarro<\/span><\/p>\n<p style=\"font-size: 13px;\"><em><strong><span style=\"color: #50575b; font-size: 11px; line-height: 1.6em;\">Fotograf\u00eda:<\/span><\/strong><\/em><\/p>\n<p style=\"font-size: 13px;\"><span style=\"color: #50575b; font-size: 11px; line-height: 1.6em;\">Joaqu\u00edn B\u00e9rchez G\u00f3mez | \u00c1lvaro Toepke C\u00e1ceres<\/span><\/p>\n<p style=\"font-size: 13px;\"><em><strong><span style=\"color: #50575b; font-size: 11px; line-height: 1.6em;\">Infograf\u00eda:<\/span><\/strong><\/em><\/p>\n<p style=\"font-size: 13px;\"><span style=\"color: #50575b; font-size: 11px; line-height: 1.6em;\">Antonio Ca\u00f1izares S\u00e1nchez | Antonio G\u00edo Medina<\/span><\/p>\n<p style=\"font-size: 13px;\"><em><strong><span style=\"color: #50575b; font-size: 11px; line-height: 1.6em;\">Dise\u00f1o gr\u00e1fico de la exposici\u00f3n:<\/span><\/strong><\/em><\/p>\n<p style=\"font-size: 13px;\"><span style=\"color: #50575b; font-size: 11px; line-height: 1.6em;\">Estudio Ib\u00e1n Ram\u00f3n + D\u00eddac Ballester<\/span><span style=\"color: #50575b; font-size: 11px; line-height: 1.6em;\">\u00a0 \u00a0<\/span><\/p>\n<p style=\"font-size: 13px;\"><em><strong><span style=\"color: #50575b; font-size: 11px; line-height: 1.6em;\">Colaboradores:<\/span><\/strong><\/em><\/p>\n<p style=\"font-size: 13px;\"><span style=\"color: #50575b; font-size: 11px; line-height: 1.6em;\">Antonio Sanch\u00eds Pallar\u00e9s | F\u00e9lix Benito Mart\u00edn | Luis Francisco Herrero Garc\u00eda\u00a0<\/span><\/p>\n<p style=\"font-size: 13px;\"><span style=\"color: #50575b; font-size: 11px; line-height: 1.6em;\">A\u00edtor Varea Oro\u00a0<\/span><span style=\"color: #50575b; font-size: 11px; line-height: 1.6em;\">Vicente | Colomer Sendra |\u00a0<\/span><span style=\"color: #50575b; font-size: 11px; line-height: 1.6em;\">Pablo F. Longoria<\/span><span style=\"color: #50575b; font-size: 11px; line-height: 1.6em;\">\u00a0 \u00a0 \u00a0 \u00a0 \u00a0 \u00a0 \u00a0 \u00a0 \u00a0 \u00a0 \u00a0 \u00a0 \u00a0 \u00a0 \u00a0 \u00a0 \u00a0 \u00a0 \u00a0 \u00a0 \u00a0 \u00a0 \u00a0 \u00a0 \u00a0 \u00a0 \u00a0 \u00a0 \u00a0 \u00a0 \u00a0 \u00a0 \u00a0 \u00a0 \u00a0 \u00a0 \u00a0 \u00a0 \u00a0 \u00a0 \u00a0 \u00a0 \u00a0 \u00a0 \u00a0 \u00a0 \u00a0 \u00a0 \u00a0 \u00a0 \u00a0 \u00a0 \u00a0 \u00a0 \u00a0 \u00a0 \u00a0 \u00a0 \u00a0 \u00a0 \u00a0 \u00a0 \u00a0 \u00a0 \u00a0 \u00a0 \u00a0 \u00a0 \u00a0 \u00a0 \u00a0 \u00a0 \u00a0 \u00a0 \u00a0 \u00a0 \u00a0 \u00a0 \u00a0 \u00a0 \u00a0 \u00a0 \u00a0 \u00a0 \u00a0 \u00a0 \u00a0 \u00a0 \u00a0 \u00a0 \u00a0 \u00a0 \u00a0 \u00a0 \u00a0\u00a0<\/span><\/p>\n<h4 style=\"font-size: 13px;\"><\/h4>\n<h4 style=\"font-size: 13px;\"><\/h4>\n","protected":false},"excerpt":{"rendered":"<p>18\/04\/2013 [&hellip;]<\/p>\n","protected":false},"author":2,"featured_media":6222,"comment_status":"closed","ping_status":"closed","sticky":false,"template":"","format":"standard","meta":{"footnotes":""},"categories":[75,28,54,79],"tags":[],"class_list":["post-6239","post","type-post","status-publish","format-standard","has-post-thumbnail","hentry","category-destacar","category-etsa","category-exposicion","category-exposiciones"],"_links":{"self":[{"href":"https:\/\/cultura.arq.upv.es\/cultura\/wp-json\/wp\/v2\/posts\/6239","targetHints":{"allow":["GET"]}}],"collection":[{"href":"https:\/\/cultura.arq.upv.es\/cultura\/wp-json\/wp\/v2\/posts"}],"about":[{"href":"https:\/\/cultura.arq.upv.es\/cultura\/wp-json\/wp\/v2\/types\/post"}],"author":[{"embeddable":true,"href":"https:\/\/cultura.arq.upv.es\/cultura\/wp-json\/wp\/v2\/users\/2"}],"replies":[{"embeddable":true,"href":"https:\/\/cultura.arq.upv.es\/cultura\/wp-json\/wp\/v2\/comments?post=6239"}],"version-history":[{"count":13,"href":"https:\/\/cultura.arq.upv.es\/cultura\/wp-json\/wp\/v2\/posts\/6239\/revisions"}],"predecessor-version":[{"id":10506,"href":"https:\/\/cultura.arq.upv.es\/cultura\/wp-json\/wp\/v2\/posts\/6239\/revisions\/10506"}],"wp:featuredmedia":[{"embeddable":true,"href":"https:\/\/cultura.arq.upv.es\/cultura\/wp-json\/wp\/v2\/media\/6222"}],"wp:attachment":[{"href":"https:\/\/cultura.arq.upv.es\/cultura\/wp-json\/wp\/v2\/media?parent=6239"}],"wp:term":[{"taxonomy":"category","embeddable":true,"href":"https:\/\/cultura.arq.upv.es\/cultura\/wp-json\/wp\/v2\/categories?post=6239"},{"taxonomy":"post_tag","embeddable":true,"href":"https:\/\/cultura.arq.upv.es\/cultura\/wp-json\/wp\/v2\/tags?post=6239"}],"curies":[{"name":"wp","href":"https:\/\/api.w.org\/{rel}","templated":true}]}}