{"id":5513,"date":"2013-02-02T01:01:14","date_gmt":"2013-02-02T00:01:14","guid":{"rendered":"http:\/\/arqcultura.webs.upv.es\/cultura\/?p=5513"},"modified":"2018-02-06T13:38:14","modified_gmt":"2018-02-06T12:38:14","slug":"20x20","status":"publish","type":"post","link":"https:\/\/cultura.arq.upv.es\/cultura\/20x20\/","title":{"rendered":"20&#215;20. Veinte obras de arquitectura del siglo XX"},"content":{"rendered":"<p><span style=\"color: #50575b; font-size: 11px;\">La exposici\u00f3n 20&#215;20 pretende mostrar las etapas sucesivas que han jalonado la historia de la modernidad valenciana a trav\u00e9s de veinte obras, que sirven para explorar el campo de referencias arquitect\u00f3nicas y las diferentes actitudes que han ido definiendo el panorama de un per\u00edodo particularmente estimable de nuestro pasado y todav\u00eda poco valorado por la sociedad en general. Por ello, la actividad se presenta con la urgencia de divulgar el inter\u00e9s de las obras, en la medida de su representatividad y para propiciar un debate de mayor alcance, no limitado a las mismas.<\/span><\/p>\n<p><span style=\"color: #50575b; font-size: 11px;\">Durante algo m\u00e1s de tres d\u00e9cadas la arquitectura valenciana evolucion\u00f3, generalmente ajena a compromisos doctrinales y ligada a la lenta asimilaci\u00f3n de ciertas experiencias del movimiento moderno, considerado en su sentido m\u00e1s amplio y flexible. Los inicios se detectan en torno a 1930, cuando se manifestaron algunas inquietudes formales depuradoras y cuando el hormig\u00f3n armado se pudo incorporar como material de estructuras, por cierto luego temporalmente desplazado debido a la quiebra traum\u00e1tica de la guerra civil. Los ep\u00edgonos de los a\u00f1os 60 constituyen la \u00faltima fase porque, con la apertura de nuevos objetivos que dirigieron su mirada hacia la producci\u00f3n nacional, se revelan s\u00edntomas de la crisis moderna, cuyo certificado final se admite internacionalmente situado en 1966, coincidiendo con la publicaci\u00f3n de dos conocidos textos de Aldo Rossi y de Robert Venturi. Carmen Jord\u00e1, comisaria exposici\u00f3n<\/span><\/p>\n<p><span style=\"color: #50575b; font-size: 11px;\">Exposici\u00f3n y cat\u00e1logo realizados al amparo del convenio entre la Conseller\u00eda de Obras P\u00fablicas, Urbanismo y Transporte de la Generalitat Valenciana y el Colegio Oficial de Arquitectos de la Comunidad Valenciana.\u00a0<\/span><\/p>\n","protected":false},"excerpt":{"rendered":"<p>La [&hellip;]<\/p>\n","protected":false},"author":2,"featured_media":5083,"comment_status":"closed","ping_status":"closed","sticky":false,"template":"","format":"standard","meta":{"footnotes":""},"categories":[75,28,54,79],"tags":[],"class_list":["post-5513","post","type-post","status-publish","format-standard","has-post-thumbnail","hentry","category-destacar","category-etsa","category-exposicion","category-exposiciones"],"_links":{"self":[{"href":"https:\/\/cultura.arq.upv.es\/cultura\/wp-json\/wp\/v2\/posts\/5513","targetHints":{"allow":["GET"]}}],"collection":[{"href":"https:\/\/cultura.arq.upv.es\/cultura\/wp-json\/wp\/v2\/posts"}],"about":[{"href":"https:\/\/cultura.arq.upv.es\/cultura\/wp-json\/wp\/v2\/types\/post"}],"author":[{"embeddable":true,"href":"https:\/\/cultura.arq.upv.es\/cultura\/wp-json\/wp\/v2\/users\/2"}],"replies":[{"embeddable":true,"href":"https:\/\/cultura.arq.upv.es\/cultura\/wp-json\/wp\/v2\/comments?post=5513"}],"version-history":[{"count":34,"href":"https:\/\/cultura.arq.upv.es\/cultura\/wp-json\/wp\/v2\/posts\/5513\/revisions"}],"predecessor-version":[{"id":9943,"href":"https:\/\/cultura.arq.upv.es\/cultura\/wp-json\/wp\/v2\/posts\/5513\/revisions\/9943"}],"wp:featuredmedia":[{"embeddable":true,"href":"https:\/\/cultura.arq.upv.es\/cultura\/wp-json\/wp\/v2\/media\/5083"}],"wp:attachment":[{"href":"https:\/\/cultura.arq.upv.es\/cultura\/wp-json\/wp\/v2\/media?parent=5513"}],"wp:term":[{"taxonomy":"category","embeddable":true,"href":"https:\/\/cultura.arq.upv.es\/cultura\/wp-json\/wp\/v2\/categories?post=5513"},{"taxonomy":"post_tag","embeddable":true,"href":"https:\/\/cultura.arq.upv.es\/cultura\/wp-json\/wp\/v2\/tags?post=5513"}],"curies":[{"name":"wp","href":"https:\/\/api.w.org\/{rel}","templated":true}]}}