{"id":5378,"date":"2013-02-01T16:12:41","date_gmt":"2013-02-01T15:12:41","guid":{"rendered":"http:\/\/arqcultura.webs.upv.es\/cultura\/?p=5378"},"modified":"2017-06-19T17:50:11","modified_gmt":"2017-06-19T16:50:11","slug":"concursoaccesoeste","status":"publish","type":"post","link":"https:\/\/cultura.arq.upv.es\/cultura\/concursoaccesoeste\/","title":{"rendered":"Concurso de ideas Hall Acceso Este de la ETSA"},"content":{"rendered":"<p style=\"font-size: 11px;\"><strong style=\"line-height: 1.6em;\"><span style=\"color: #50575b; font-size: 11px; line-height: 1.6em;\">Acta del jurado<\/span><\/strong><\/p>\n<p><span style=\"color: #50575b; font-size: 11px; line-height: 1.6em;\">El jurado para el concurso de ideas HALL ACCESO ESTE DE LA ETSA, compuesto por: <\/span><\/p>\n<p><span style=\"color: #50575b; font-size: 11px; line-height: 1.6em;\">D. Vicente Mas Llorens. Director de la ETSA<\/span><\/p>\n<p><span style=\"color: #50575b; font-size: 11px; line-height: 1.6em;\">D. Jorge Torres Cueco. Director del Departamento de Proyectos Arquitect\u00f3nicos <\/span><\/p>\n<p><span style=\"color: #50575b; font-size: 11px; line-height: 1.6em;\">D. Vicente Manuel Vidal Vidal. Arquitecto de las obras de adecuaci\u00f3n y ampliaci\u00f3n de la ETSA <\/span><\/p>\n<p><span style=\"color: #50575b; font-size: 11px; line-height: 1.6em;\">D\u00aa. Marisa Gall\u00e9n Jaime. Dise\u00f1adora gr\u00e1fica <\/span><\/p>\n<p>&nbsp;<\/p>\n<p><span style=\"color: #50575b; font-size: 11px; line-height: 1.6em;\">Reunidos en los locales de la Escuela T\u00e9cnica Superior de Arquitectura el 27 de marzo de 2013, a las 12.30h, se constituye y tras las deliberaciones oportunas, a la vista de la cantidad y la calidad de los proyectos presentados, estima:<\/span><\/p>\n<p>&nbsp;<\/p>\n<p><span style=\"color: #50575b; font-size: 11px; line-height: 1.6em;\">\u00b7 Desaconsejar la realizaci\u00f3n, en su totalidad, de ninguna de las propuestas <\/span><\/p>\n<p><span style=\"color: #50575b; font-size: 11px; line-height: 1.6em;\">\u00b7 Conceder los siguientes premios a las propuestas presentadas: <\/span><\/p>\n<p>&nbsp;<\/p>\n<p>&nbsp;<\/p>\n<p><span style=\"color: #50575b; font-size: 11px; line-height: 1.6em;\">1. Por el inter\u00e9s que presenta la adecuada disposici\u00f3n de los cuatro paneles en el interior del vest\u00edbulo, el jurado ha estimado conceder el primer premio a la propuesta presentada por: <\/span><\/p>\n<p><span style=\"color: #50575b; font-size: 11px; line-height: 1.6em;\">Angel Gallego Girona<\/span><\/p>\n<p><span style=\"color: #50575b; font-size: 11px; line-height: 1.6em;\">Beatriz Mart\u00ednez P\u00e9rez <\/span><\/p>\n<p><span style=\"color: #50575b; font-size: 11px; line-height: 1.6em;\">Salva Mateu Mateu <\/span><\/p>\n<p><span style=\"color: #50575b; font-size: 11px; line-height: 1.6em;\">Lema: <strong>Entrada Este<\/strong> <\/span><\/p>\n<p>&nbsp;<\/p>\n<p><span style=\"color: #50575b; font-size: 11px; line-height: 1.6em;\">2. Por la flexibilidad que supone la utilizaci\u00f3n de un sistema modular, se ha considerado otorgar el segundo premio a la propuesta presentada por: <\/span><\/p>\n<p><span style=\"color: #50575b; font-size: 11px; line-height: 1.6em;\">Sam Bouten<\/span><\/p>\n<p><span style=\"color: #50575b; font-size: 11px; line-height: 1.6em;\">V\u00edctor Moreira Delaqua <\/span><\/p>\n<p><span style=\"color: #50575b; font-size: 11px; line-height: 1.6em;\">Nico Van Orshoven <\/span><\/p>\n<p><span style=\"color: #50575b; font-size: 11px; line-height: 1.6em;\">Nicol\u00f3 Ondelli <\/span><\/p>\n<p><span style=\"color: #50575b; font-size: 11px; line-height: 1.6em;\">Lema: <strong>\u00bfQuedamos en el cubo?<\/strong> <\/span><\/p>\n<p>&nbsp;<\/p>\n<p><span style=\"color: #50575b; font-size: 11px; line-height: 1.6em;\">3. Por la voluntad de mantener el espacio continuo en el vest\u00edbulo, se ha acordado otorgar el tercer premio a la propuesta presentada por: <\/span><\/p>\n<p><span style=\"color: #50575b; font-size: 11px; line-height: 1.6em;\">Jos\u00e9 Luis P\u00e9rez Hermo<\/span><\/p>\n<p><span style=\"color: #50575b; font-size: 11px; line-height: 1.6em;\">Lema: <strong>3.om dExperiencias<\/strong> <\/span><\/p>\n<p>&nbsp;<\/p>\n<p><span style=\"color: #50575b; font-size: 11px; line-height: 1.6em;\">Los valores de cada uno de los premios son: <\/span><\/p>\n<p>&nbsp;<\/p>\n<p><span style=\"color: #50575b; font-size: 11px; line-height: 1.6em;\">Primer premio: 400\u20ac <\/span><\/p>\n<p><span style=\"color: #50575b; font-size: 11px; line-height: 1.6em;\">Segundo premio: 300\u20ac <\/span><\/p>\n<p><span style=\"color: #50575b; font-size: 11px; line-height: 1.6em;\">Tercer premio: 200\u20ac <\/span><\/p>\n<p>&nbsp;<\/p>\n<p><span style=\"color: #50575b; font-size: 11px; line-height: 1.6em;\">Estos premios se consideran en importe bruto, por lo que el IRPF correspondiente se descontar\u00e1 de estas cantidades <\/span><\/p>\n<p style=\"font-size: 13px;\">\n","protected":false},"excerpt":{"rendered":"<p>Acta [&hellip;]<\/p>\n","protected":false},"author":2,"featured_media":5379,"comment_status":"closed","ping_status":"closed","sticky":false,"template":"","format":"standard","meta":{"footnotes":""},"categories":[40,75],"tags":[],"class_list":["post-5378","post","type-post","status-publish","format-standard","has-post-thumbnail","hentry","category-alumnos","category-destacar"],"_links":{"self":[{"href":"https:\/\/cultura.arq.upv.es\/cultura\/wp-json\/wp\/v2\/posts\/5378","targetHints":{"allow":["GET"]}}],"collection":[{"href":"https:\/\/cultura.arq.upv.es\/cultura\/wp-json\/wp\/v2\/posts"}],"about":[{"href":"https:\/\/cultura.arq.upv.es\/cultura\/wp-json\/wp\/v2\/types\/post"}],"author":[{"embeddable":true,"href":"https:\/\/cultura.arq.upv.es\/cultura\/wp-json\/wp\/v2\/users\/2"}],"replies":[{"embeddable":true,"href":"https:\/\/cultura.arq.upv.es\/cultura\/wp-json\/wp\/v2\/comments?post=5378"}],"version-history":[{"count":56,"href":"https:\/\/cultura.arq.upv.es\/cultura\/wp-json\/wp\/v2\/posts\/5378\/revisions"}],"predecessor-version":[{"id":9931,"href":"https:\/\/cultura.arq.upv.es\/cultura\/wp-json\/wp\/v2\/posts\/5378\/revisions\/9931"}],"wp:featuredmedia":[{"embeddable":true,"href":"https:\/\/cultura.arq.upv.es\/cultura\/wp-json\/wp\/v2\/media\/5379"}],"wp:attachment":[{"href":"https:\/\/cultura.arq.upv.es\/cultura\/wp-json\/wp\/v2\/media?parent=5378"}],"wp:term":[{"taxonomy":"category","embeddable":true,"href":"https:\/\/cultura.arq.upv.es\/cultura\/wp-json\/wp\/v2\/categories?post=5378"},{"taxonomy":"post_tag","embeddable":true,"href":"https:\/\/cultura.arq.upv.es\/cultura\/wp-json\/wp\/v2\/tags?post=5378"}],"curies":[{"name":"wp","href":"https:\/\/api.w.org\/{rel}","templated":true}]}}