{"id":13005,"date":"2026-02-24T11:23:24","date_gmt":"2026-02-24T10:23:24","guid":{"rendered":"https:\/\/cultura.arq.upv.es\/cultura\/?p=13005"},"modified":"2026-02-27T14:14:40","modified_gmt":"2026-02-27T13:14:40","slug":"de-tu-a-tu-con-andres-canovas-amann-canovas-maruri","status":"publish","type":"post","link":"https:\/\/cultura.arq.upv.es\/cultura\/de-tu-a-tu-con-andres-canovas-amann-canovas-maruri\/","title":{"rendered":"De t\u00fa a t\u00fa con&#8230; ANDR\u00c9S C\u00c1NOVAS (Amann-C\u00e1novas-Maruri)"},"content":{"rendered":"\n\n\n<p>Andr\u00e9s C\u00e1novas nos visit\u00f3 el pasado jueves y nos dej\u00f3 muchas reflexiones interesantes. Aqu\u00ed la peque\u00f1a entrevista que le hicimos!<\/p>\n<div style=\"width: 480px;\" class=\"wp-video\"><video class=\"wp-video-shortcode\" id=\"video-13005-1\" width=\"480\" height=\"854\" preload=\"metadata\" controls=\"controls\"><source type=\"video\/mp4\" src=\"https:\/\/cultura.arq.upv.es\/cultura\/wp-content\/uploads\/2026\/02\/baja-calidad-de-tu-a-tu-andres-canovas.mp4?_=1\" \/><a href=\"https:\/\/cultura.arq.upv.es\/cultura\/wp-content\/uploads\/2026\/02\/baja-calidad-de-tu-a-tu-andres-canovas.mp4\">https:\/\/cultura.arq.upv.es\/cultura\/wp-content\/uploads\/2026\/02\/baja-calidad-de-tu-a-tu-andres-canovas.mp4<\/a><\/video><\/div>\n","protected":false},"excerpt":{"rendered":"<p>Andr\u00e9s [&hellip;]<\/p>\n","protected":false},"author":19,"featured_media":13006,"comment_status":"closed","ping_status":"closed","sticky":false,"template":"","format":"standard","meta":{"footnotes":""},"categories":[75,85,29,62],"tags":[101],"class_list":["post-13005","post","type-post","status-publish","format-standard","has-post-thumbnail","hentry","category-destacar","category-mediateca","category-video","category-video-2","tag-de-tu-a-tu"],"_links":{"self":[{"href":"https:\/\/cultura.arq.upv.es\/cultura\/wp-json\/wp\/v2\/posts\/13005","targetHints":{"allow":["GET"]}}],"collection":[{"href":"https:\/\/cultura.arq.upv.es\/cultura\/wp-json\/wp\/v2\/posts"}],"about":[{"href":"https:\/\/cultura.arq.upv.es\/cultura\/wp-json\/wp\/v2\/types\/post"}],"author":[{"embeddable":true,"href":"https:\/\/cultura.arq.upv.es\/cultura\/wp-json\/wp\/v2\/users\/19"}],"replies":[{"embeddable":true,"href":"https:\/\/cultura.arq.upv.es\/cultura\/wp-json\/wp\/v2\/comments?post=13005"}],"version-history":[{"count":1,"href":"https:\/\/cultura.arq.upv.es\/cultura\/wp-json\/wp\/v2\/posts\/13005\/revisions"}],"predecessor-version":[{"id":13008,"href":"https:\/\/cultura.arq.upv.es\/cultura\/wp-json\/wp\/v2\/posts\/13005\/revisions\/13008"}],"wp:featuredmedia":[{"embeddable":true,"href":"https:\/\/cultura.arq.upv.es\/cultura\/wp-json\/wp\/v2\/media\/13006"}],"wp:attachment":[{"href":"https:\/\/cultura.arq.upv.es\/cultura\/wp-json\/wp\/v2\/media?parent=13005"}],"wp:term":[{"taxonomy":"category","embeddable":true,"href":"https:\/\/cultura.arq.upv.es\/cultura\/wp-json\/wp\/v2\/categories?post=13005"},{"taxonomy":"post_tag","embeddable":true,"href":"https:\/\/cultura.arq.upv.es\/cultura\/wp-json\/wp\/v2\/tags?post=13005"}],"curies":[{"name":"wp","href":"https:\/\/api.w.org\/{rel}","templated":true}]}}