{"id":12306,"date":"2023-10-17T09:14:32","date_gmt":"2023-10-17T08:14:32","guid":{"rendered":"https:\/\/cultura.arq.upv.es\/cultura\/?p=12306"},"modified":"2023-10-17T09:16:56","modified_gmt":"2023-10-17T08:16:56","slug":"1a-exposicion-grado-diseno-arquitectonico-de-interiores-curso-2022-2023","status":"publish","type":"post","link":"https:\/\/cultura.arq.upv.es\/cultura\/1a-exposicion-grado-diseno-arquitectonico-de-interiores-curso-2022-2023\/","title":{"rendered":"1\u00aa exposici\u00f3n Grado Dise\u00f1o Arquitect\u00f3nico de Interiores Curso 2022-2023"},"content":{"rendered":"\n\n\n<p><br \/>El objetivo de la exposici\u00f3n es COMPARTIR\/EXPONER entre estudiantes\/profesores una SELECCI\u00d3N de los trabajos realizados en las diferentes asignaturas\/grupos de primer y segundo curso del GDAI.<br \/>Proponemos esta muestra con especial ilusi\u00f3n, ya que es la primera que se realiza de este nuevo grado. Esperamos que sea el motor de arranque para futuras exposiciones que podr\u00e1n incluir las nuevas\u00a0 asignaturas de 3\u00ba (inaugurado en este curso 23-24) y 4\u00ba curso que se impartir\u00e1 el pr\u00f3ximo a\u00f1o 24-25.<br \/>La IMAGEN\/LOGO es un dibujo\/collage\/diagrama en 2D\/3D que intenta relacionar:<br \/>&#8211; Dise\u00f1o de Interiores \/ Proyecto de Arquitectura \/ Dise\u00f1o de Mobiliario Contempor\u00e1neo \/ Dise\u00f1o Gr\u00e1fico \/ Historia del Arte y del Dise\u00f1o \/ Materiales \/ Color \/\u00a0Comunicaci\u00f3n visual<br \/>&#8211; T\u00e9cnicas Gr\u00e1ficas tradicionales \/ digitales (dibujo en tinta sobre papel, superpuesto con poli\u00e9ster y maquetado en digital)<\/p>\n<p><br \/>Concepto de la exposici\u00f3n: moverse por\/entre los dise\u00f1os (a trav\u00e9s del espacio fluido)<\/p>\n<p>Coordinadores: Hugo Barros (EGA) y Carlos Lacalle (DPA)<\/p>\n<p>Fechas: 19 octubre &#8211; 3 noviembre 2023. Pasillo central + Hall norte ETSA-UPV<\/p>\n<p>Fecha de Inauguraci\u00f3n: 19 octubre 2023_ 13:30h<\/p>\n","protected":false},"excerpt":{"rendered":"<p>El [&hellip;]<\/p>\n","protected":false},"author":19,"featured_media":12307,"comment_status":"closed","ping_status":"closed","sticky":false,"template":"","format":"standard","meta":{"footnotes":""},"categories":[40,75,54,79],"tags":[],"class_list":["post-12306","post","type-post","status-publish","format-standard","has-post-thumbnail","hentry","category-alumnos","category-destacar","category-exposicion","category-exposiciones"],"_links":{"self":[{"href":"https:\/\/cultura.arq.upv.es\/cultura\/wp-json\/wp\/v2\/posts\/12306","targetHints":{"allow":["GET"]}}],"collection":[{"href":"https:\/\/cultura.arq.upv.es\/cultura\/wp-json\/wp\/v2\/posts"}],"about":[{"href":"https:\/\/cultura.arq.upv.es\/cultura\/wp-json\/wp\/v2\/types\/post"}],"author":[{"embeddable":true,"href":"https:\/\/cultura.arq.upv.es\/cultura\/wp-json\/wp\/v2\/users\/19"}],"replies":[{"embeddable":true,"href":"https:\/\/cultura.arq.upv.es\/cultura\/wp-json\/wp\/v2\/comments?post=12306"}],"version-history":[{"count":1,"href":"https:\/\/cultura.arq.upv.es\/cultura\/wp-json\/wp\/v2\/posts\/12306\/revisions"}],"predecessor-version":[{"id":12308,"href":"https:\/\/cultura.arq.upv.es\/cultura\/wp-json\/wp\/v2\/posts\/12306\/revisions\/12308"}],"wp:featuredmedia":[{"embeddable":true,"href":"https:\/\/cultura.arq.upv.es\/cultura\/wp-json\/wp\/v2\/media\/12307"}],"wp:attachment":[{"href":"https:\/\/cultura.arq.upv.es\/cultura\/wp-json\/wp\/v2\/media?parent=12306"}],"wp:term":[{"taxonomy":"category","embeddable":true,"href":"https:\/\/cultura.arq.upv.es\/cultura\/wp-json\/wp\/v2\/categories?post=12306"},{"taxonomy":"post_tag","embeddable":true,"href":"https:\/\/cultura.arq.upv.es\/cultura\/wp-json\/wp\/v2\/tags?post=12306"}],"curies":[{"name":"wp","href":"https:\/\/api.w.org\/{rel}","templated":true}]}}