{"id":12262,"date":"2023-07-03T12:17:27","date_gmt":"2023-07-03T11:17:27","guid":{"rendered":"https:\/\/cultura.arq.upv.es\/cultura\/?p=12262"},"modified":"2023-07-03T12:17:28","modified_gmt":"2023-07-03T11:17:28","slug":"exposicion-seleccion-tfm-cursos-2020-21-y-2021-22","status":"publish","type":"post","link":"https:\/\/cultura.arq.upv.es\/cultura\/exposicion-seleccion-tfm-cursos-2020-21-y-2021-22\/","title":{"rendered":"Exposici\u00f3n &#8216;Selecci\u00f3n TFM. Cursos 2020-21 y 2021-22&#8243;"},"content":{"rendered":"\n\n\n<p>El jueves 18 de mayo, se inaugura la exposici\u00f3n de TFMs con la selecci\u00f3n de trabajos de los cursos 2020-2021 y 2021-2022. La pod\u00e9is visitar en el Corredor Central, y en ella encontrar\u00e9is una compilaci\u00f3n de paneles resumen de algunos de los mejores proyectos entregados en los cursos acad\u00e9micos mencionados, distribuidos por talleres.<\/p>\n<p>Esta exposici\u00f3n, organizada por la Subdirecci\u00f3n de Cultura, se emplaza junto a la exposici\u00f3n de trabajos del curso organizada por el Departamento de Proyectos.<br \/><br \/><\/p>\n","protected":false},"excerpt":{"rendered":"<p>El [&hellip;]<\/p>\n","protected":false},"author":19,"featured_media":12263,"comment_status":"closed","ping_status":"closed","sticky":false,"template":"","format":"standard","meta":{"footnotes":""},"categories":[75,54,79],"tags":[],"class_list":["post-12262","post","type-post","status-publish","format-standard","has-post-thumbnail","hentry","category-destacar","category-exposicion","category-exposiciones"],"_links":{"self":[{"href":"https:\/\/cultura.arq.upv.es\/cultura\/wp-json\/wp\/v2\/posts\/12262","targetHints":{"allow":["GET"]}}],"collection":[{"href":"https:\/\/cultura.arq.upv.es\/cultura\/wp-json\/wp\/v2\/posts"}],"about":[{"href":"https:\/\/cultura.arq.upv.es\/cultura\/wp-json\/wp\/v2\/types\/post"}],"author":[{"embeddable":true,"href":"https:\/\/cultura.arq.upv.es\/cultura\/wp-json\/wp\/v2\/users\/19"}],"replies":[{"embeddable":true,"href":"https:\/\/cultura.arq.upv.es\/cultura\/wp-json\/wp\/v2\/comments?post=12262"}],"version-history":[{"count":1,"href":"https:\/\/cultura.arq.upv.es\/cultura\/wp-json\/wp\/v2\/posts\/12262\/revisions"}],"predecessor-version":[{"id":12264,"href":"https:\/\/cultura.arq.upv.es\/cultura\/wp-json\/wp\/v2\/posts\/12262\/revisions\/12264"}],"wp:featuredmedia":[{"embeddable":true,"href":"https:\/\/cultura.arq.upv.es\/cultura\/wp-json\/wp\/v2\/media\/12263"}],"wp:attachment":[{"href":"https:\/\/cultura.arq.upv.es\/cultura\/wp-json\/wp\/v2\/media?parent=12262"}],"wp:term":[{"taxonomy":"category","embeddable":true,"href":"https:\/\/cultura.arq.upv.es\/cultura\/wp-json\/wp\/v2\/categories?post=12262"},{"taxonomy":"post_tag","embeddable":true,"href":"https:\/\/cultura.arq.upv.es\/cultura\/wp-json\/wp\/v2\/tags?post=12262"}],"curies":[{"name":"wp","href":"https:\/\/api.w.org\/{rel}","templated":true}]}}